{"id":1125,"date":"2023-12-19T05:31:49","date_gmt":"2023-12-19T04:31:49","guid":{"rendered":"https:\/\/blog.crei.ffspeleo.fr\/?p=1125"},"modified":"2023-12-19T05:34:22","modified_gmt":"2023-12-19T04:34:22","slug":"lexpedition-shtares-2023","status":"publish","type":"post","link":"https:\/\/blog.crei.ffspeleo.fr\/?p=1125","title":{"rendered":"L&rsquo;exp\u00e9dition Shtares 2023"},"content":{"rendered":"\n<p>communiqu\u00e9 de Arnauld Malard<\/p>\n\n\n\n<div class=\"wp-block-media-text is-stacked-on-mobile\"><figure class=\"wp-block-media-text__media\"><img loading=\"lazy\" decoding=\"async\" width=\"1024\" height=\"577\" src=\"https:\/\/blog.crei.ffspeleo.fr\/wp-content\/uploads\/2023\/12\/IMG_20230821_190209-1024x577.jpg\" alt=\"\" class=\"wp-image-1126 size-full\" srcset=\"https:\/\/blog.crei.ffspeleo.fr\/wp-content\/uploads\/2023\/12\/IMG_20230821_190209-1024x577.jpg 1024w, https:\/\/blog.crei.ffspeleo.fr\/wp-content\/uploads\/2023\/12\/IMG_20230821_190209-300x169.jpg 300w, https:\/\/blog.crei.ffspeleo.fr\/wp-content\/uploads\/2023\/12\/IMG_20230821_190209-768x433.jpg 768w, https:\/\/blog.crei.ffspeleo.fr\/wp-content\/uploads\/2023\/12\/IMG_20230821_190209-1536x865.jpg 1536w, https:\/\/blog.crei.ffspeleo.fr\/wp-content\/uploads\/2023\/12\/IMG_20230821_190209-2048x1154.jpg 2048w\" sizes=\"auto, (max-width: 1024px) 100vw, 1024px\" \/><\/figure><div class=\"wp-block-media-text__content\">\n<p>L&rsquo;exp\u00e9dition Shtares 2023 s&rsquo;est d\u00e9roul\u00e9e du 12 au 27 aout dans le nord de l&rsquo;Albanie et a \u00e9t\u00e9 organis\u00e9e en collaboration entre Continent 8 et le Groupe Sp\u00e9l\u00e9ologique Martinese (Italie). En r\u00e9alit\u00e9 il s&rsquo;agit de deux exp\u00e9ditions dans le m\u00eame projet: l&rsquo;\u00e9quipe italienne poursuit les explorations de la grotte Shtares qui s&rsquo;ouvre en bas du massif (vers 1500 m d&rsquo;altitude), tandis que l&rsquo;\u00e9quipe de Continent 8 implante un camp d&rsquo;exploration en altitude (2050 m) pour entreprendre la reconnaissance des cavit\u00e9s sur toute la partie haute.<br><br>Cot\u00e9 Italien, les explorations dans la grotte de Shtares ont permis de d\u00e9couvrir et documenter 2.5 km de galeries suppl\u00e9mentaires. La cavit\u00e9 passe de 5.7 \u00e0 8.2 km de d\u00e9veloppement.<br><br><\/p>\n<\/div><\/div>\n\n\n\n<div class=\"wp-block-media-text is-stacked-on-mobile\"><figure class=\"wp-block-media-text__media\"><img loading=\"lazy\" decoding=\"async\" width=\"683\" height=\"1024\" src=\"https:\/\/blog.crei.ffspeleo.fr\/wp-content\/uploads\/2023\/12\/ALB23_AM__0170-683x1024.jpg\" alt=\"\" class=\"wp-image-1127 size-full\" srcset=\"https:\/\/blog.crei.ffspeleo.fr\/wp-content\/uploads\/2023\/12\/ALB23_AM__0170-683x1024.jpg 683w, https:\/\/blog.crei.ffspeleo.fr\/wp-content\/uploads\/2023\/12\/ALB23_AM__0170-200x300.jpg 200w, https:\/\/blog.crei.ffspeleo.fr\/wp-content\/uploads\/2023\/12\/ALB23_AM__0170-768x1152.jpg 768w, https:\/\/blog.crei.ffspeleo.fr\/wp-content\/uploads\/2023\/12\/ALB23_AM__0170-1024x1536.jpg 1024w, https:\/\/blog.crei.ffspeleo.fr\/wp-content\/uploads\/2023\/12\/ALB23_AM__0170-1365x2048.jpg 1365w, https:\/\/blog.crei.ffspeleo.fr\/wp-content\/uploads\/2023\/12\/ALB23_AM__0170-scaled.jpg 1707w\" sizes=\"auto, (max-width: 683px) 100vw, 683px\" \/><\/figure><div class=\"wp-block-media-text__content\">\n<p>Cot\u00e9 Altitude, les 9 jours pass\u00e9s en autonomie compl\u00e8te ont permis de pointer et de descendre 72 cavit\u00e9s dont 73 ne d\u00e9passent pas les 20 m de profondeur, ni de d\u00e9veloppement. Toutes sont obstru\u00e9es en profondeur par la neige et ou la glace. Une dizaine de cavit\u00e9s seulement montrent des d\u00e9veloppements \/ profondeurs significatifs jusqu&rsquo;au dernier jour o\u00f9 la d\u00e9couverte majeure est r\u00e9alis\u00e9e. En effet le gouffre de la Der, situ\u00e9 \u00e0 moins de 20 minutes de marche du camp est explor\u00e9e jusqu&rsquo;\u00e0 la c\u00f4te de -200 m et bute actuellement en t\u00eate d&rsquo;un puits dont la hauteur se situe certainement entre 100 et 200 m.<br><br>Cette d\u00e9couverte ouvre des perspectives pour relancer une exp\u00e9dition en 2024, toujours en collaboration avec les italiens et quelques albanais localement.<br><br><\/p>\n<\/div><\/div>\n\n\n\n<div class=\"wp-block-media-text has-media-on-the-right is-stacked-on-mobile\"><div class=\"wp-block-media-text__content\">\n<p>A noter que les conditions d&rsquo;exploration sont assez rudes sur le massif (\u00e9loignement, altitude, neige, glace, blocs, etc.). Les cavit\u00e9s se classent parmi les plus froides que nous connaissons (0.5\u00b0C \u00e0 -140 m, 0.8\u00b0C \u00e0 -200 m, plus froid qu&rsquo;en Suisse ou en Autriche&#8230;). &nbsp;<br><br>Le projet b\u00e9n\u00e9ficie du support du CDS 25, CSR Est, de l&rsquo;UIS (projet international rassemblant 4 nationalit\u00e9s: Italie, France, Suisse et Albanie), de Tiberino Food et de Beal. Plus d&rsquo;informations et rapport en t\u00e9l\u00e9chargement sur le site de Continent 8:<\/p>\n\n\n\n<p>&nbsp;<a href=\"http:\/\/www.continent-8.org\/\" target=\"_blank\" rel=\"noreferrer noopener\">www.continent-8.org<\/a><\/p>\n\n\n\n<p>cr\u00e9dit photos Continent 8<\/p>\n\n\n\n<p><\/p>\n<\/div><figure class=\"wp-block-media-text__media\"><img loading=\"lazy\" decoding=\"async\" width=\"1024\" height=\"683\" src=\"https:\/\/blog.crei.ffspeleo.fr\/wp-content\/uploads\/2023\/12\/ALB23_AM__0188-1024x683.jpg\" alt=\"\" class=\"wp-image-1128 size-full\" srcset=\"https:\/\/blog.crei.ffspeleo.fr\/wp-content\/uploads\/2023\/12\/ALB23_AM__0188-1024x683.jpg 1024w, https:\/\/blog.crei.ffspeleo.fr\/wp-content\/uploads\/2023\/12\/ALB23_AM__0188-300x200.jpg 300w, https:\/\/blog.crei.ffspeleo.fr\/wp-content\/uploads\/2023\/12\/ALB23_AM__0188-768x512.jpg 768w, https:\/\/blog.crei.ffspeleo.fr\/wp-content\/uploads\/2023\/12\/ALB23_AM__0188-1536x1024.jpg 1536w, https:\/\/blog.crei.ffspeleo.fr\/wp-content\/uploads\/2023\/12\/ALB23_AM__0188-2048x1365.jpg 2048w\" sizes=\"auto, (max-width: 1024px) 100vw, 1024px\" \/><\/figure><\/div>\n\n\n\n<figure class=\"wp-block-image size-large\"><a href=\"https:\/\/blog.crei.ffspeleo.fr\/wp-content\/uploads\/2023\/12\/ALB23_AM__0083-2-scaled.jpg\"><img loading=\"lazy\" decoding=\"async\" width=\"1024\" height=\"683\" src=\"https:\/\/blog.crei.ffspeleo.fr\/wp-content\/uploads\/2023\/12\/ALB23_AM__0083-2-1024x683.jpg\" alt=\"\" class=\"wp-image-1130\" srcset=\"https:\/\/blog.crei.ffspeleo.fr\/wp-content\/uploads\/2023\/12\/ALB23_AM__0083-2-1024x683.jpg 1024w, https:\/\/blog.crei.ffspeleo.fr\/wp-content\/uploads\/2023\/12\/ALB23_AM__0083-2-300x200.jpg 300w, https:\/\/blog.crei.ffspeleo.fr\/wp-content\/uploads\/2023\/12\/ALB23_AM__0083-2-768x512.jpg 768w, https:\/\/blog.crei.ffspeleo.fr\/wp-content\/uploads\/2023\/12\/ALB23_AM__0083-2-1536x1024.jpg 1536w, https:\/\/blog.crei.ffspeleo.fr\/wp-content\/uploads\/2023\/12\/ALB23_AM__0083-2-2048x1365.jpg 2048w\" sizes=\"auto, (max-width: 1024px) 100vw, 1024px\" \/><\/a><\/figure>\n\n\n\n<figure class=\"wp-block-image size-large\"><a href=\"https:\/\/blog.crei.ffspeleo.fr\/wp-content\/uploads\/2023\/12\/ALB23_AM__0245-1-scaled.jpg\"><img loading=\"lazy\" decoding=\"async\" width=\"1024\" height=\"683\" src=\"https:\/\/blog.crei.ffspeleo.fr\/wp-content\/uploads\/2023\/12\/ALB23_AM__0245-1-1024x683.jpg\" alt=\"\" class=\"wp-image-1133\" srcset=\"https:\/\/blog.crei.ffspeleo.fr\/wp-content\/uploads\/2023\/12\/ALB23_AM__0245-1-1024x683.jpg 1024w, https:\/\/blog.crei.ffspeleo.fr\/wp-content\/uploads\/2023\/12\/ALB23_AM__0245-1-300x200.jpg 300w, https:\/\/blog.crei.ffspeleo.fr\/wp-content\/uploads\/2023\/12\/ALB23_AM__0245-1-768x512.jpg 768w, https:\/\/blog.crei.ffspeleo.fr\/wp-content\/uploads\/2023\/12\/ALB23_AM__0245-1-1536x1024.jpg 1536w, https:\/\/blog.crei.ffspeleo.fr\/wp-content\/uploads\/2023\/12\/ALB23_AM__0245-1-2048x1365.jpg 2048w\" sizes=\"auto, (max-width: 1024px) 100vw, 1024px\" \/><\/a><\/figure>\n","protected":false},"excerpt":{"rendered":"<p>communiqu\u00e9 de Arnauld Malard L&rsquo;exp\u00e9dition Shtares 2023 s&rsquo;est d\u00e9roul\u00e9e du 12 au 27 aout dans le nord de l&rsquo;Albanie et a \u00e9t\u00e9 organis\u00e9e en collaboration entre Continent 8 et le Groupe Sp\u00e9l\u00e9ologique Martinese (Italie). En r\u00e9alit\u00e9 il s&rsquo;agit de deux exp\u00e9ditions dans le m\u00eame projet: l&rsquo;\u00e9quipe italienne poursuit les explorations de la grotte Shtares qui &hellip; <a href=\"https:\/\/blog.crei.ffspeleo.fr\/?p=1125\" class=\"more-link\">Continuer la lecture de <span class=\"screen-reader-text\">L&rsquo;exp\u00e9dition Shtares 2023<\/span>  <span class=\"meta-nav\">&rarr;<\/span><\/a><\/p>\n","protected":false},"author":4,"featured_media":0,"comment_status":"open","ping_status":"closed","sticky":false,"template":"","format":"standard","meta":{"footnotes":""},"categories":[82],"tags":[4,13,3],"class_list":["post-1125","post","type-post","status-publish","format-standard","hentry","category-albanie","tag-expedition","tag-explorations","tag-speleologie"],"_links":{"self":[{"href":"https:\/\/blog.crei.ffspeleo.fr\/index.php?rest_route=\/wp\/v2\/posts\/1125","targetHints":{"allow":["GET"]}}],"collection":[{"href":"https:\/\/blog.crei.ffspeleo.fr\/index.php?rest_route=\/wp\/v2\/posts"}],"about":[{"href":"https:\/\/blog.crei.ffspeleo.fr\/index.php?rest_route=\/wp\/v2\/types\/post"}],"author":[{"embeddable":true,"href":"https:\/\/blog.crei.ffspeleo.fr\/index.php?rest_route=\/wp\/v2\/users\/4"}],"replies":[{"embeddable":true,"href":"https:\/\/blog.crei.ffspeleo.fr\/index.php?rest_route=%2Fwp%2Fv2%2Fcomments&post=1125"}],"version-history":[{"count":3,"href":"https:\/\/blog.crei.ffspeleo.fr\/index.php?rest_route=\/wp\/v2\/posts\/1125\/revisions"}],"predecessor-version":[{"id":1134,"href":"https:\/\/blog.crei.ffspeleo.fr\/index.php?rest_route=\/wp\/v2\/posts\/1125\/revisions\/1134"}],"wp:attachment":[{"href":"https:\/\/blog.crei.ffspeleo.fr\/index.php?rest_route=%2Fwp%2Fv2%2Fmedia&parent=1125"}],"wp:term":[{"taxonomy":"category","embeddable":true,"href":"https:\/\/blog.crei.ffspeleo.fr\/index.php?rest_route=%2Fwp%2Fv2%2Fcategories&post=1125"},{"taxonomy":"post_tag","embeddable":true,"href":"https:\/\/blog.crei.ffspeleo.fr\/index.php?rest_route=%2Fwp%2Fv2%2Ftags&post=1125"}],"curies":[{"name":"wp","href":"https:\/\/api.w.org\/{rel}","templated":true}]}}