{"id":1155,"date":"2023-12-20T14:23:03","date_gmt":"2023-12-20T13:23:03","guid":{"rendered":"https:\/\/blog.crei.ffspeleo.fr\/?p=1155"},"modified":"2023-12-22T18:14:52","modified_gmt":"2023-12-22T17:14:52","slug":"yourte-2021-scof-et-interclub","status":"publish","type":"post","link":"https:\/\/blog.crei.ffspeleo.fr\/?p=1155","title":{"rendered":"Yourte 2021 (SCOF et interclub)"},"content":{"rendered":"\n<p><strong>&nbsp;Picos de Europa, Massif Occidental (Macizo del Corni\u00f3n)<\/strong><\/p>\n\n\n\n<p>Communiqu\u00e9 de Hubert Fabriol<\/p>\n\n\n\n<p>Le SCOF a men\u00e9 cet \u00e9t\u00e9 sa 42<sup>\u00e8me<\/sup> campagne d\u2019exploration sur le flanc ouest du massif occidental des Picos de Europa, dans les Asturies (Espagne). Depuis 1975, les prospections se sont focalis\u00e9es sur la zone Ozania-Fuente Prieta-Hou de Las Pozas qui borde au sud-ouest le massif occidental. Interrompues entre 1990 et 1999, les explorations ont repris depuis vingt-deux ans en interclub. Plus de 220 cavit\u00e9s ont \u00e9t\u00e9 explor\u00e9es, dont trois d\u00e9passent 500 m de profondeur, (FP 101, FP 208-FP210 et FP 266), et trois 600 m&nbsp;: FP 153 (- 619 m), FP 119-FP132 (- 640 m) et FP 202 (\u2013 645 m). Le camp d\u2019altitude est situ\u00e9 \u00e0 2100 m \u00e0 4h de marche du Lago Enol, terminus des v\u00e9hicules, et 2h du Refuge de Vegarredonda.<\/p>\n\n\n\n<p>Apr\u00e8s un camp limit\u00e9 \u00e0 une semaine et 4 sp\u00e9l\u00e9os en 2020, nous \u00e9tions cette ann\u00e9e 16 sp\u00e9l\u00e9os provenant de l\u2019Essonne (SCOF), du Lot (FSC, TRIAS, et SCSC), de l\u2019Is\u00e8re (GSM-SS, LCF, GECKOS et SC-FLT) et de Castell\u00f3 en Espagne (ECC), r\u00e9partis entre le 24 juillet et le 13 ao\u00fbt. C\u00f4t\u00e9 logistique, nous avons pu b\u00e9n\u00e9ficier d\u2019un h\u00e9liportage coordonn\u00e9 avec deux autres campagnes de sp\u00e9l\u00e9os espagnols sur les autres massifs des Picos.<\/p>\n\n\n\n<p>Ci dessous :<\/p>\n\n\n\n<p>Asturias, Espagne. En jaune, la zone d\u2019exploration du SCOF (Carte extraite de la th\u00e8se doctorale de Daniel Ballesteros, Universit\u00e9 d\u2019Oviedo, 2016).<\/p>\n\n\n\n<p>Carte du Parc National des Picos de Europa, Principado de<\/p>\n\n\n\n<figure class=\"wp-block-image size-full\"><a href=\"https:\/\/blog.crei.ffspeleo.fr\/wp-content\/uploads\/2023\/12\/picos21.jpg\"><img loading=\"lazy\" decoding=\"async\" width=\"872\" height=\"885\" src=\"https:\/\/blog.crei.ffspeleo.fr\/wp-content\/uploads\/2023\/12\/picos21.jpg\" alt=\"\" class=\"wp-image-1197\" srcset=\"https:\/\/blog.crei.ffspeleo.fr\/wp-content\/uploads\/2023\/12\/picos21.jpg 872w, https:\/\/blog.crei.ffspeleo.fr\/wp-content\/uploads\/2023\/12\/picos21-296x300.jpg 296w, https:\/\/blog.crei.ffspeleo.fr\/wp-content\/uploads\/2023\/12\/picos21-768x779.jpg 768w\" sizes=\"auto, (max-width: 872px) 100vw, 872px\" \/><\/a><\/figure>\n\n\n\n<p>Notre premier objectif \u00e9tait de retourner dans le FP202 (Pozu Grande de la Torrezuela). C\u2019est un gouffre d\u2019acc\u00e8s facile depuis le camp qui avait \u00e9t\u00e9 explor\u00e9 jusqu\u2019\u00e0 &#8211; 406 m entre 1983 et 1985, avec arr\u00eat sur m\u00e9andre \u00e9troit. Les campagnes de 2017 et 2019 ont permis d\u2019explorer la suite de ce m\u00e9andre jusqu\u2019\u00e0 un passage tr\u00e8s \u00e9troit et ennoy\u00e9 \u00e0 \u2013 649 m, et \u2026 r\u00e9ellement infranchissable. Il nous restait cette ann\u00e9e \u00e0 voir le m\u00e9andre qui fait suite \u00e0 une lucarne dans le P100 et revenir dans le boyau qui permet la connexion avec l\u2019actif explor\u00e9 en 1984. Les cordes ayant \u00e9t\u00e9 laiss\u00e9es en place, nous avons commenc\u00e9 par r\u00e9viser l\u2019\u00e9quipement et s\u00e9curiser certains d\u00e9parts de puits. La descente dans le m\u00e9andre de la lucarne n\u2019a pas d\u00e9bouch\u00e9 sur de nouveaux d\u00e9veloppements, car il retombe dans la base du P100. Quant \u00e0 la connexion avec l\u2019actif de 1984, nous n\u2019y sommes pas retourn\u00e9s, dans la mesure o\u00f9 les explorations dans le FP 208 et le FP 258 ont concentr\u00e9 tous nos efforts. Nous avons donc pris la d\u00e9cision de d\u00e9s\u00e9quiper compl\u00e8tement le FP202, pour ne pas laisser le mat\u00e9riel en place une ann\u00e9e de plus.&nbsp; &nbsp;&nbsp;&nbsp;&nbsp;&nbsp;&nbsp;&nbsp;&nbsp;<\/p>\n\n\n\n<p>Notre deuxi\u00e8me objectif \u00e9tait de reprendre toute la topo du FP 208 (photo 1), d\u00e9j\u00e0 explor\u00e9 jusqu\u2019\u00e0 \u2013&nbsp;540&nbsp;m en 1986, puis revisit\u00e9 au d\u00e9but des ann\u00e9es 2000. Ce gouffre fait partie avec les FP 207, FP 210 et FP 258 du syst\u00e8me de la Horcada del Alba, qui comptait d\u00e9j\u00e0 au moins 4 grandes salles et deux P100. La grande nouveaut\u00e9 de cette ann\u00e9e a \u00e9t\u00e9 la d\u00e9couverte d\u00e8s le d\u00e9but du camp de la connexion entre le puits d\u2019entr\u00e9e du FP 208 et le FP 207 (topo ci-dessous et photo 2). Nous savions que ce dernier communiquait avec le FP 258, ce qui nous a permis de retourner au sommet des \u00e9troitures entrevues en 2003 mais non franchies dans le FP 258. Les deux plus minces d\u2019entre nous ont r\u00e9ussi \u00e0 passer et sont descendus dans un tr\u00e8s beau P152 (photo 3). L\u2019exploration de ce nouveau d\u00e9veloppement du FP258 a occup\u00e9 toute la deuxi\u00e8me partie du camp. Entre autres, un n\u00e9v\u00e9 impressionnant de 100 m de long et une pente de 40\u00b0 \u00e0 45\u00b0 a \u00e9t\u00e9 d\u00e9couvert \u00e0 \u2013 340 m (photo 4), malheureusement sans suite. Plusieurs escalades ont \u00e9t\u00e9 tent\u00e9es dans le P152 et le puits des ricochets, sans succ\u00e8s. Il restera le m\u00e9andre \u00e9troit et soufflant \u00e0 explorer \u00e0 la base du P152. Concernant le FP208, il n\u2019a \u00e9t\u00e9 r\u00e9\u00e9quip\u00e9 que jusqu\u2019au sommet du P60, faute de temps.<\/p>\n\n\n\n<p>Les perspectives pour 2022 sont prometteuses, car les nouveaux d\u00e9veloppements d\u00e9couverts dans le syst\u00e8me du Collado del Alba nous motivent encore plus pour continuer la reprise de la topo et chercher une suite dans le FP208 et le FP258. Par ailleurs, les explorations de 2019 dans le FP225 avaient permis de descendre jusqu\u2019\u00e0 \u2013 275 m avec arr\u00eat sur passage \u00e9troit \u00e0 l\u2019aplomb d\u2019un puits o\u00f9 les cailloux ricochent pendant une dizaine de secondes. A suivre aussi en 2022&nbsp;!<\/p>\n\n\n\n<p>Hubert Fabriol (<a href=\"mailto:hublots@wanadoo.fr\">hublots@wanadoo.fr<\/a>)<\/p>\n\n\n\n<p><\/p>\n\n\n\n<p><\/p>\n","protected":false},"excerpt":{"rendered":"<p>&nbsp;Picos de Europa, Massif Occidental (Macizo del Corni\u00f3n) Communiqu\u00e9 de Hubert Fabriol Le SCOF a men\u00e9 cet \u00e9t\u00e9 sa 42\u00e8me campagne d\u2019exploration sur le flanc ouest du massif occidental des Picos de Europa, dans les Asturies (Espagne). Depuis 1975, les prospections se sont focalis\u00e9es sur la zone Ozania-Fuente Prieta-Hou de Las Pozas qui borde au &hellip; <a href=\"https:\/\/blog.crei.ffspeleo.fr\/?p=1155\" class=\"more-link\">Continuer la lecture de <span class=\"screen-reader-text\">Yourte 2021 (SCOF et interclub)<\/span>  <span class=\"meta-nav\">&rarr;<\/span><\/a><\/p>\n","protected":false},"author":4,"featured_media":0,"comment_status":"open","ping_status":"closed","sticky":false,"template":"","format":"standard","meta":{"footnotes":""},"categories":[84],"tags":[4,9,3],"class_list":["post-1155","post","type-post","status-publish","format-standard","hentry","category-espagne","tag-expedition","tag-exploration","tag-speleologie"],"_links":{"self":[{"href":"https:\/\/blog.crei.ffspeleo.fr\/index.php?rest_route=\/wp\/v2\/posts\/1155","targetHints":{"allow":["GET"]}}],"collection":[{"href":"https:\/\/blog.crei.ffspeleo.fr\/index.php?rest_route=\/wp\/v2\/posts"}],"about":[{"href":"https:\/\/blog.crei.ffspeleo.fr\/index.php?rest_route=\/wp\/v2\/types\/post"}],"author":[{"embeddable":true,"href":"https:\/\/blog.crei.ffspeleo.fr\/index.php?rest_route=\/wp\/v2\/users\/4"}],"replies":[{"embeddable":true,"href":"https:\/\/blog.crei.ffspeleo.fr\/index.php?rest_route=%2Fwp%2Fv2%2Fcomments&post=1155"}],"version-history":[{"count":3,"href":"https:\/\/blog.crei.ffspeleo.fr\/index.php?rest_route=\/wp\/v2\/posts\/1155\/revisions"}],"predecessor-version":[{"id":1199,"href":"https:\/\/blog.crei.ffspeleo.fr\/index.php?rest_route=\/wp\/v2\/posts\/1155\/revisions\/1199"}],"wp:attachment":[{"href":"https:\/\/blog.crei.ffspeleo.fr\/index.php?rest_route=%2Fwp%2Fv2%2Fmedia&parent=1155"}],"wp:term":[{"taxonomy":"category","embeddable":true,"href":"https:\/\/blog.crei.ffspeleo.fr\/index.php?rest_route=%2Fwp%2Fv2%2Fcategories&post=1155"},{"taxonomy":"post_tag","embeddable":true,"href":"https:\/\/blog.crei.ffspeleo.fr\/index.php?rest_route=%2Fwp%2Fv2%2Ftags&post=1155"}],"curies":[{"name":"wp","href":"https:\/\/api.w.org\/{rel}","templated":true}]}}