{"id":1157,"date":"2023-12-20T14:29:47","date_gmt":"2023-12-20T13:29:47","guid":{"rendered":"https:\/\/blog.crei.ffspeleo.fr\/?p=1157"},"modified":"2023-12-20T14:29:47","modified_gmt":"2023-12-20T13:29:47","slug":"yourte-2022-scof-et-interclub","status":"publish","type":"post","link":"https:\/\/blog.crei.ffspeleo.fr\/?p=1157","title":{"rendered":"Yourte 2022 (SCOF et interclub)"},"content":{"rendered":"\n<p><strong>\u00a0Picos de Europa, Massif Occidental (Macizo del Corni\u00f3n)<\/strong><\/p>\n\n\n\n<p>communiqu\u00e9 de Hubert Fabriol<\/p>\n\n\n\n<p>La campagne 2022 du SCOF \u00e0 Fuente Prieta dans les Picos de Europa (Asturies, Espagne) fut br\u00e8ve. Nous p\u00fbmes r\u00e9unir seulement 3 sp\u00e9l\u00e9os fran\u00e7ais (SCOF de l\u2019Essonne, FSC et TRIAS du Lot) et un sp\u00e9l\u00e9o espagnol de Castell\u00f3n. Le camp a dur\u00e9 8 jours, dont deux de portage de mont\u00e9e et un de descente. Nous sommes retourn\u00e9s dans les gouffres FP 208 et 258 (voir rapport 2021). Dans le premier nous avons continu\u00e9 l\u2019\u00e9quipement de &#8211; 150 \u00e0 pr\u00e8s de \u2013 400 m. La reprise de la topo d\u2019avant 2003 a \u00e9t\u00e9 continu\u00e9e jusqu\u2019\u00e0 la salle Tibor (- 290 m). Le FP 258 a \u00e9t\u00e9 redescendu jusqu\u2019\u00e0 la salle Eur\u00e9ka-Piste de ski, terminus de l\u2019exploration de 2021. Mais la jonction avec le FP 208 n\u2019a pu \u00eatre r\u00e9alis\u00e9e car nous n\u2019avons pas retrouv\u00e9 le passage remontant vers cette salle. Cela restera \u00e0 faire pour 2023.<\/p>\n\n\n\n<p><\/p>\n\n\n\n<p><\/p>\n","protected":false},"excerpt":{"rendered":"<p>\u00a0Picos de Europa, Massif Occidental (Macizo del Corni\u00f3n) communiqu\u00e9 de Hubert Fabriol La campagne 2022 du SCOF \u00e0 Fuente Prieta dans les Picos de Europa (Asturies, Espagne) fut br\u00e8ve. Nous p\u00fbmes r\u00e9unir seulement 3 sp\u00e9l\u00e9os fran\u00e7ais (SCOF de l\u2019Essonne, FSC et TRIAS du Lot) et un sp\u00e9l\u00e9o espagnol de Castell\u00f3n. Le camp a dur\u00e9 8 &hellip; <a href=\"https:\/\/blog.crei.ffspeleo.fr\/?p=1157\" class=\"more-link\">Continuer la lecture de <span class=\"screen-reader-text\">Yourte 2022 (SCOF et interclub)<\/span>  <span class=\"meta-nav\">&rarr;<\/span><\/a><\/p>\n","protected":false},"author":4,"featured_media":0,"comment_status":"open","ping_status":"closed","sticky":false,"template":"","format":"standard","meta":{"footnotes":""},"categories":[84],"tags":[4,9,3],"class_list":["post-1157","post","type-post","status-publish","format-standard","hentry","category-espagne","tag-expedition","tag-exploration","tag-speleologie"],"_links":{"self":[{"href":"https:\/\/blog.crei.ffspeleo.fr\/index.php?rest_route=\/wp\/v2\/posts\/1157","targetHints":{"allow":["GET"]}}],"collection":[{"href":"https:\/\/blog.crei.ffspeleo.fr\/index.php?rest_route=\/wp\/v2\/posts"}],"about":[{"href":"https:\/\/blog.crei.ffspeleo.fr\/index.php?rest_route=\/wp\/v2\/types\/post"}],"author":[{"embeddable":true,"href":"https:\/\/blog.crei.ffspeleo.fr\/index.php?rest_route=\/wp\/v2\/users\/4"}],"replies":[{"embeddable":true,"href":"https:\/\/blog.crei.ffspeleo.fr\/index.php?rest_route=%2Fwp%2Fv2%2Fcomments&post=1157"}],"version-history":[{"count":1,"href":"https:\/\/blog.crei.ffspeleo.fr\/index.php?rest_route=\/wp\/v2\/posts\/1157\/revisions"}],"predecessor-version":[{"id":1158,"href":"https:\/\/blog.crei.ffspeleo.fr\/index.php?rest_route=\/wp\/v2\/posts\/1157\/revisions\/1158"}],"wp:attachment":[{"href":"https:\/\/blog.crei.ffspeleo.fr\/index.php?rest_route=%2Fwp%2Fv2%2Fmedia&parent=1157"}],"wp:term":[{"taxonomy":"category","embeddable":true,"href":"https:\/\/blog.crei.ffspeleo.fr\/index.php?rest_route=%2Fwp%2Fv2%2Fcategories&post=1157"},{"taxonomy":"post_tag","embeddable":true,"href":"https:\/\/blog.crei.ffspeleo.fr\/index.php?rest_route=%2Fwp%2Fv2%2Ftags&post=1157"}],"curies":[{"name":"wp","href":"https:\/\/api.w.org\/{rel}","templated":true}]}}