{"id":1322,"date":"2024-07-29T17:52:55","date_gmt":"2024-07-29T16:52:55","guid":{"rendered":"https:\/\/blog.crei.ffspeleo.fr\/?p=1322"},"modified":"2024-07-29T18:29:08","modified_gmt":"2024-07-29T17:29:08","slug":"koytendag-2024-2eme-expedition-speleologique-au-turkmenistan","status":"publish","type":"post","link":"https:\/\/blog.crei.ffspeleo.fr\/?p=1322","title":{"rendered":"K\u00f6\u00fdtendag 2024 &#8211; seconde exp\u00e9dition sp\u00e9l\u00e9ologique au Turkm\u00e9nistan"},"content":{"rendered":"\n<p>Agr\u00e9ment FFS 1 \/ 2024<\/p>\n\n\n\n<p>Pays&nbsp;: Turkm\u00e9nistan<\/p>\n\n\n\n<p>R\u00e9gion\u00a0: L\u00e9bap, massif de K\u00f6\u00fdtendag<sup> <\/sup><\/p>\n\n\n\n<p>Du 8 avril au 2 mai 2024<\/p>\n\n\n\n<p>Nombre de participants : 17 membres f\u00e9d\u00e9r\u00e9s<\/p>\n\n\n\n<p>Clubs : Individuels (H\u00e9rault), Club Sp\u00e9l\u00e9o Vulcain (Rh\u00f4ne), Alpina Millau (Aveyron), Gruissan Prospection Sp\u00e9l\u00e9ologie (Aude), Clan des Tritons (Rh\u00f4ne), CRESPE (Alpes-Maritimes), Sp\u00e9l\u00e9o club Argilon (Sa\u00f4ne-et-Loire), Societ\u00e0 Speleologica Italiana (Italie), Slovak Speleological Society &#8211; Speleoklub Badiz\u00e9r, Ardovo (Slovaquie), SGCAF, Sp\u00e9l\u00e9os Grenoblois du Club Alpin Fran\u00e7ais (Is\u00e8re), FJS, Furets Jaunes de Seyssins (Is\u00e8re).<\/p>\n\n\n\n<p>Responsable : Jean-Pierre Gruat.<\/p>\n\n\n<div class=\"wp-block-image\">\n<figure class=\"aligncenter size-full\"><a href=\"https:\/\/blog.crei.ffspeleo.fr\/wp-content\/uploads\/2024\/07\/situation.jpg\"><img loading=\"lazy\" decoding=\"async\" width=\"608\" height=\"378\" src=\"https:\/\/blog.crei.ffspeleo.fr\/wp-content\/uploads\/2024\/07\/situation.jpg\" alt=\"\" class=\"wp-image-1321\" srcset=\"https:\/\/blog.crei.ffspeleo.fr\/wp-content\/uploads\/2024\/07\/situation.jpg 608w, https:\/\/blog.crei.ffspeleo.fr\/wp-content\/uploads\/2024\/07\/situation-300x187.jpg 300w\" sizes=\"auto, (max-width: 608px) 100vw, 608px\" \/><\/a><\/figure><\/div>\n\n\n<p>Apr\u00e8s une exp\u00e9dition de reconnaissance du 6 au 22 mai 2023, par une \u00e9quipe de 10 sp\u00e9l\u00e9os, en 2024 ce sont 17 sp\u00e9l\u00e9os issus de plusieurs clubs fran\u00e7ais, italien et slovaque en partance pour le massif du K\u00f6\u00fdtendag.<\/p>\n\n\n\n<p><a href=\"http:\/\/clan.des.tritons.free.fr\/publications\/explo_tritons\/CR.Turmenistan.2023.pdf\" data-type=\"link\" data-id=\"http:\/\/clan.des.tritons.free.fr\/publications\/explo_tritons\/CR.Turmenistan.2023.pdf\">Pour visualiser le compte-rendu 2023 et les documents annexes&nbsp;<\/a>(cliquer sur cette phrase)<\/p>\n\n\n\n<p>Pour 2024 ce sera une \u00e9quipe pluridisciplinaire plus importante pour cette deuxi\u00e8me exp\u00e9dition au K\u00f6ytendag, du 8 avril au 2 mai 2024 (il y aura quelques d\u00e9fections de derni\u00e8re minute, notamment notre vid\u00e9aste Daniel Penez). Dix-sept personnes participent : Philippe Audra, karstologue, Universit\u00e9 C\u00f4te d&rsquo;Azur, Jo De Waele et Lionel Barriquand, sp\u00e9cialis\u00e9s en g\u00e9ologie et karstologie, Josiane Lips et Jozef Grego, sp\u00e9cialis\u00e9s en biosp\u00e9l\u00e9ologie, Jean-Paul H\u00e9reil, Bernard Lips, Xavier Robert et Alexandre Pont pour la topographie, Ga\u00ebl Cazes pour la topographie 3D par photogramm\u00e9trie, Jean-Marie Briffon, Claire Falgayrac, Jean-Philippe Grandcolas, Jean-Pierre Gruat et Freddo Poggia pour l\u2019exploration et la prospection, Annie Guiraud et Philippe Crochet en charge de la couverture photographique.<\/p>\n\n\n\n<p>Les objectifs sont multiples&nbsp;: photographie, topographie de l\u2019existant, karstologie, biosp\u00e9l\u00e9ologie, pr\u00e9l\u00e8vements et documentation, prospection et explorations nouvelles.<\/p>\n\n\n\n<p>&#8211; 12 cavit\u00e9s sont visit\u00e9es \u00e0 plusieurs reprises et topographi\u00e9es : certains jours, 5 \u00e9quipes de 2 \u00e0 3 personnes ont r\u00e9alis\u00e9 de la topographie (8571 stations topographiques, 18,7 km de r\u00e9seau topographi\u00e9, profondeur maximum atteinte &#8211; 157 m).<\/p>\n\n\n\n<p>Les principales cavit\u00e9s reprises et topographi\u00e9es partiellement ou compl\u00e8tement&nbsp;:<\/p>\n\n\n\n<div class=\"wp-block-group\"><div class=\"wp-block-group__inner-container is-layout-constrained wp-block-group-is-layout-constrained\">\n<p><em>Geophyzicheskaya<\/em><\/p>\n\n\n\n<p><em>Tush-Yurruck<\/em><\/p>\n\n\n\n<p><em>Kaptharana<\/em><\/p>\n\n\n\n<p><em>Promeszutochnaya\u00a0<\/em><\/p>\n\n\n\n<p><em>Hushm-Oyeek<\/em><\/p>\n\n\n\n<p><em>Kutuzov cave ou grotte du Lac<\/em><\/p>\n\n\n\n<p><em>Verticalnaya<\/em><\/p>\n\n\n\n<p><em>Cupp-Coutunn<\/em><\/p>\n<\/div><\/div>\n\n\n\n<p>Malgr\u00e9 des \u00ab&nbsp;contraintes administratives&nbsp;\u00bb importantes, la zone se trouve sur une zone militaire, proche de la fronti\u00e8re ouzb\u00e8ke, un temps journalier sur le terrain limit\u00e9 \u00e0 8 h maximum, il peut \u00eatre envisag\u00e9 de programmer une 3<sup>\u00e8me<\/sup> exp\u00e9dition en 2025 ou 2026, en envisageant d\u2019explorer une autre zone en dehors de la zone militaire, toutefois la proximit\u00e9 de la fronti\u00e8re ne nous lib\u00e8re pas de toutes les contraintes. Cette ann\u00e9e nous avons b\u00e9n\u00e9fici\u00e9 de visas gratuits (119 dollars par personne en 2023), par contre comme en 2023, nous n\u2019avons pas \u00e9chapp\u00e9 au test PCR (29 dollars par personne en 2024)&nbsp;!<\/p>\n\n\n\n<p>&#8211; Le 1<sup>er<\/sup> jour de l\u2019arriv\u00e9e \u00e0 Ashgabat, avant de prendre le train pour Kerki, Philippe Audra, Lionel Barriquand, Ga\u00ebl Cazes et Jean-Pierre Gruat, sont re\u00e7us par Mme Shirin Karryyeva, Mme Tatjana Rosen, M. Jumamyrat Saparmuradov et d&rsquo;autres personnes. Ces personnes travaillent dans le cadre du projet CEPF\/CLLC du Turkm\u00e9nistan (CEPF&nbsp;: Critical Ecosystem Partnership Fund et CLLC&nbsp;: Center for Large Landscape Conservation).<\/p>\n\n\n\n<p>Ils souhaitaient \u00e9changer avec nous sur les objectifs de notre exp\u00e9dition, ils manquent d&rsquo;informations sur la g\u00e9ologie et le karst du Koytendag et nous pouvons leur apporter certains \u00e9l\u00e9ments en ce domaine.<\/p>\n\n\n\n<p>En parall\u00e8le, une autre partie de notre \u00e9quipe (Jozef Grego, Josiane Lips et Jo De Waele) est re\u00e7ue au Minist\u00e8re de l&rsquo;Environnement pour \u00e9voquer les autorisations n\u00e9cessaires de pr\u00e9l\u00e8vement et d&rsquo;exportation en biosp\u00e9l\u00e9ologie (invert\u00e9br\u00e9s) et en g\u00e9ologie (petits \u00e9chantillons de pierre).<\/p>\n\n\n\n<p>&#8211; Arriv\u00e9e le 10 avril sur place au Koytendag, malgr\u00e9 quelques petits probl\u00e8mes administratifs le 1er jour pour acc\u00e9der aux grottes situ\u00e9es en zone militaire, nous avons pu r\u00e9aliser les objectifs scientifiques, topographiques et photographiques durant l&rsquo;ensemble du s\u00e9jour. Seule, la prospection du massif n&rsquo;a pas donn\u00e9 les r\u00e9sultats escompt\u00e9s, puisqu&rsquo;aucune nouvelle cavit\u00e9 majeure n&rsquo;a \u00e9t\u00e9 d\u00e9couverte, malgr\u00e9 l&rsquo;exploration de porches difficiles d&rsquo;acc\u00e8s dans certains canyons. Le massif est vaste et la prospection est difficile avec les nombreux et profonds canyons qui le d\u00e9coupent.<\/p>\n\n\n\n<p>&#8211; Les scientifiques en karstologie, en g\u00e9ologie, biocorrosion ont pris des mesures de temp\u00e9ratures d&rsquo;air et d&rsquo;eau, des \u00e9chantillons d&rsquo;eau des sources et des lacs, relev\u00e9 les failles et fractures, les emplacements de diff\u00e9rents min\u00e9raux et concr\u00e9tionnements.<\/p>\n\n\n\n<p>Ils vont analyser tous ces \u00e9l\u00e9ments en laboratoire pour expliquer la formation de ces cavit\u00e9s, leur \u00e9volution et la pr\u00e9sence des diff\u00e9rents min\u00e9raux. Philippe Audra a aussi d\u00e9pos\u00e9 un pluviom\u00e8tre performant \u00e0 basse altitude (maison de la r\u00e9serve naturelle) et un autre \u00e0 plus haute altitude (fond de la vall\u00e9e). Tous les mois, M. Shaniyaz Mengliev, Directeur scientifique de la r\u00e9serve du Koytendag rel\u00e8vera l&rsquo;eau, et plus tard, les isotopes seront \u00e9tudi\u00e9s.<\/p>\n\n\n\n<p>&#8211; Une grande partie de la grotte de Geophysicalskaya a \u00e9t\u00e9 relev\u00e9e par photogramm\u00e9trie en 3D en collectant plus de 50 000 images superpos\u00e9es.<\/p>\n\n\n\n<p>&#8211; L\u2019\u00e9quipe photographique s\u2019est concentr\u00e9e principalement sur deux cavit\u00e9s, Geophysicheskaya et Hushm-Oyeek. La pr\u00e9sence de gypse en quantit\u00e9 en fait l\u2019int\u00e9r\u00eat principal, Hushm-Oyeek , connue depuis plus longtemps, a \u00e9t\u00e9 fortement endommag\u00e9e alors que Geophysicheskaya, d\u00e9couverte plus tard, est relativement bien pr\u00e9serv\u00e9e. Cette derni\u00e8re a \u00e9t\u00e9 couverte photographiquement, elle est exceptionnelle : profusion de gypse sous toutes ses formes (chandeliers, stalagmites g\u00e9antes creuses, aiguilles, fleurs, crosses, cro\u00fbtes\u2026), aragonite, vastes galeries aux plafonds rouges, immenses draperies color\u00e9es, un v\u00e9ritable festival pour les yeux tout autant qu\u2019un concentr\u00e9 de ph\u00e9nom\u00e8nes g\u00e9ologiques.<\/p>\n\n\n\n<p>&#8211; Les scientifiques en biosp\u00e9l\u00e9ologie ont fait beaucoup de pr\u00e9l\u00e8vements d&rsquo;invert\u00e9br\u00e9s dans les grottes et les sources. C&rsquo;est un beau compl\u00e9ment aux d\u00e9couvertes de l&rsquo;an pass\u00e9 publi\u00e9es dans le rapport 2023. Le tout est en cours de classification, d&rsquo;analyse &#8230;<\/p>\n\n\n\n<p>Des esp\u00e8ces nouvelles semblent avoir \u00e9t\u00e9 relev\u00e9es. Les scientifiques en biosp\u00e9l\u00e9ologie &#8211; qui sont rentr\u00e9s au bout de 15 jours pass\u00e9s au Turkm\u00e9nistan &#8211; ont d\u00e9livr\u00e9 les premi\u00e8res informations sur leur d\u00e9couverte :<\/p>\n\n\n\n<p>\u00ab\u00a0Pour l&rsquo;instant nous avons environ 3-6 candidats pour de nouvelles esp\u00e8ces de mollusques souterrains et de source. Les mollusques de surface nous ont \u00e9galement r\u00e9serv\u00e9 quelques surprises, car dans deux cas, la famille de mollusques la plus proche se trouve \u00e0 environ 500 km \u00e0 l&rsquo;ouest du K\u00f6ytendag, et il est probable que ces donn\u00e9es \u00e9loign\u00e9es repr\u00e9sentent \u00e9galement de nouvelles esp\u00e8ces.\u00a0\u00bb<\/p>\n\n\n\n<p>Jozef Grego r\u00e9digera prochainement un rapport pr\u00e9liminaire avec des photos.<\/p>\n\n\n\n<p>Toutes ces \u00e9tudes demandent beaucoup de temps et les \u00e9l\u00e9ments d\u00e9finitifs seront dans le rapport final de l&rsquo;exp\u00e9dition.<\/p>\n\n\n\n<p>&#8211; La prospection : des \u00e9quipes l\u00e9g\u00e8res (3 ou 4 personnes) ont parcouru certains secteurs du massif \u00e0 la recherche de nouvelles cavit\u00e9s, sans r\u00e9sultat. De m\u00eame, 2 \u00e9quipes ont descendu des falaises pour atteindre des porches rep\u00e9r\u00e9s en 2023 dans les canyons, ces porches se sont r\u00e9v\u00e9l\u00e9s \u00eatre des baumes sans suite. Quelques escalades ont \u00e9t\u00e9 tent\u00e9es, sans r\u00e9sultat.<\/p>\n\n\n\n<p>Toutefois, les hauts plateaux d&rsquo;altitude \u00e0 plus de 2000 m\u00e8tres n\u2019ont pas \u00e9t\u00e9 parcourus, l\u2019approche de la fronti\u00e8re ouzb\u00e8ke nous \u00e9tant interdite par les autorit\u00e9s turkm\u00e8nes et un bivouac en altitude aurait \u00e9t\u00e9 n\u00e9cessaire. Cette zone reste \u00e0 \u00e9tudier dans les prochaines exp\u00e9ditions.<\/p>\n\n\n\n<p>* Geophysicalskaya est absolument \u00e0 prot\u00e9ger et \u00e0 pr\u00e9server de toute d\u00e9gradation (et d\u2019autres cavit\u00e9s du secteur), elle a des particularit\u00e9s rares et une beaut\u00e9 exceptionnelle avec des formations de gypse unique en splendeur et densit\u00e9.<\/p>\n\n\n\n<p>* Pour r\u00e9aliser de nouvelles exp\u00e9ditions, il est n\u00e9cessaire de trouver des financements, pour r\u00e9aliser un travail scientifique, les \u00e9tudes en laboratoire des r\u00e9sultats exigent aussi un apport financier important.<\/p>\n\n\n\n<p>* Le nombre de photos ramen\u00e9es de cette exp\u00e9dition 2024 permet de r\u00e9aliser une publication sur les grottes du K\u00f6ytendag, reste l\u00e0 aussi \u00e0 trouver un financement.<\/p>\n\n\n\n<p><a href=\"https:\/\/www.philippe-crochet.com\/nouveautes\/details\/486\/expedition-speleo-turkmenistan-avril-2024\" data-type=\"page\" data-id=\"1324\">Pour consulter la s\u00e9lection des photos de Philippe Crochet<\/a><a href=\"https:\/\/blog.crei.ffspeleo.fr\/?page_id=1324\" data-type=\"page\" data-id=\"1324\"> <\/a>(cliquer sur cette phrase)<\/p>\n\n\n\n<p><\/p>\n\n\n\n<p>Une \u00e9quipe pluridisciplinaire pour l\u2019exp\u00e9dition 2024&nbsp;:<\/p>\n\n\n\n<p>AUDRA Philippe, Docteur en g\u00e9ographie physique, karstologue, directeur du D\u00e9partement Hydroinformatique et ing\u00e9nierie de l\u2019eau et du Master hydroprotech, Universit\u00e9 C\u00f4te d&rsquo;Azur. CRESPE (Alpes-Maritimes).<\/p>\n\n\n\n<p>BARRIQUAND Lionel, chimiste, doctorant Universit\u00e9 Savoie-Mont-Blanc, Laboratoire EDYTEM de Dynamique des Environnements et Territoires de Montagne. Sp\u00e9l\u00e9o club Argilon (Sa\u00f4ne-et-Loire).<\/p>\n\n\n\n<p>BRIFFON Jean-Marie, sp\u00e9l\u00e9ologue, m\u00e9decin. Gruissan Prospection Sp\u00e9l\u00e9ologie (Aude).<\/p>\n\n\n\n<p>CAZES Ga\u00ebl, Expert chez CENOTE Sarl, doctorant Universit\u00e9 de Montpellier, G\u00e9osciences Montpellier. Individuel (H\u00e9rault).<\/p>\n\n\n\n<p>CROCHET Philippe, hydrog\u00e9ologue et photographe sp\u00e9l\u00e9ologue. Individuel (H\u00e9rault).<\/p>\n\n\n\n<p>DE WAELE Jo, Doctorat en prospection mini\u00e8re, Professeur en g\u00e9ographie physique et g\u00e9omorphologie Universit\u00e9 de Bologne. Societ\u00e0 Speleologica Italiana (Italie).<\/p>\n\n\n\n<p>FALGAYRAC Claire, sp\u00e9l\u00e9ologue. Gruissan Prospection Sp\u00e9l\u00e9ologie (Aude).<\/p>\n\n\n\n<p>GRANDCOLAS Jean-Philippe, sp\u00e9l\u00e9ologue. Clan des Tritons (Rh\u00f4ne).<\/p>\n\n\n\n<p>GREGO Jozef, Doctorat diversit\u00e9 mondiale des gast\u00e9ropodes stygobiotioc, diversit\u00e9 mondiale des Clausilidiae, chercheur ind\u00e9pendant, SubBio Lab Ljubljana University, Slovak Speleological Society &#8211; Speleoklub Badiz\u00e9r, Ardovo (Slovaquie).<\/p>\n\n\n\n<p>GRUAT Jean-Pierre, responsable d\u2019exp\u00e9dition, sp\u00e9l\u00e9ologue. Alpina Millau (Aveyron).<\/p>\n\n\n\n<p>GUIRAUD Annie, sp\u00e9l\u00e9ologue, assistante-photographe. Individuelle (H\u00e9rault).<\/p>\n\n\n\n<p>HEREIL Jean-Paul, sp\u00e9l\u00e9ologue. SGCAF, Sp\u00e9l\u00e9os Grenoblois du Club Alpin Fran\u00e7ais (Is\u00e8re).<\/p>\n\n\n\n<p>LIPS Bernard, bio-sp\u00e9l\u00e9ologue. Club Sp\u00e9l\u00e9o Vulcain (Rh\u00f4ne).<\/p>\n\n\n\n<p>LIPS Josiane, bio-sp\u00e9l\u00e9ologue. Club Sp\u00e9l\u00e9o Vulcain (Rh\u00f4ne).<\/p>\n\n\n\n<p>POGGIA Fr\u00e9d\u00e9ric, sp\u00e9l\u00e9onaute. FJS, Furets Jaunes de Seyssins (Is\u00e8re).<\/p>\n\n\n\n<p>PONT Alex, sp\u00e9l\u00e9ologue. Clan des Tritons (Rh\u00f4ne).<\/p>\n\n\n\n<p>ROBERT Xavier, Doctorat en Thermochronologie, Charg\u00e9 de Recherche (CRCN) IRD, Thermochronologie, tectonique, g\u00e9omorphologie, g\u00e9ologie de terrain, ISTERRE &#8211; Universit\u00e9 Grenoble Alpes. Club Sp\u00e9l\u00e9o Vulcain (Rh\u00f4ne).<\/p>\n\n\n\n<p><a href=\"https:\/\/tm.ambafrance.org\/Le-Turkmenistan-possede-un-patrimoine-exceptionnel-cache-au-sein-d-un\" data-type=\"link\" data-id=\"https:\/\/tm.ambafrance.org\/Le-Turkmenistan-possede-un-patrimoine-exceptionnel-cache-au-sein-d-un\">Le Turkm\u00e9nistan poss\u00e8de un patrimoine exceptionnel, cach\u00e9 au sein d\u2019un magnifique massif montagneux&nbsp;: le Koytendag.<\/a><\/p>\n\n\n\n<figure class=\"wp-block-embed\"><div class=\"wp-block-embed__wrapper\">\nhttps:\/\/tm.ambafrance.org\/Le-Turkmenistan-possede-un-patrimoine-exceptionnel-cache-au-sein-d-un\n<\/div><\/figure>\n\n\n\n<p>Un bel article paraitra dans le <em>Spelunca <\/em>de l\u2019automne 2024, suivi d\u2019une publication et du compte-rendu complet de cette exp\u00e9dition 2024.<\/p>\n\n\n\n<p><strong>Remerciements \u00e0 la FFS\/CREI pour son parrainage, \u00e0 L&rsquo;Enseigne Peinte, Chatou, Yvelines (g\u00e9rant&nbsp;: Thierry Flon, membre FFS du Clan des Tritons) pour la conception et la fabrication gracieuse de l&rsquo;autocollant Koytendag 2024.<\/strong><\/p>\n\n\n\n<p>Jean-Philippe GRANDCOLAS &amp; Jean-Pierre GRUAT, juillet 2024.<\/p>\n","protected":false},"excerpt":{"rendered":"<p>Agr\u00e9ment FFS 1 \/ 2024 Pays&nbsp;: Turkm\u00e9nistan R\u00e9gion\u00a0: L\u00e9bap, massif de K\u00f6\u00fdtendag Du 8 avril au 2 mai 2024 Nombre de participants : 17 membres f\u00e9d\u00e9r\u00e9s Clubs : Individuels (H\u00e9rault), Club Sp\u00e9l\u00e9o Vulcain (Rh\u00f4ne), Alpina Millau (Aveyron), Gruissan Prospection Sp\u00e9l\u00e9ologie (Aude), Clan des Tritons (Rh\u00f4ne), CRESPE (Alpes-Maritimes), Sp\u00e9l\u00e9o club Argilon (Sa\u00f4ne-et-Loire), Societ\u00e0 Speleologica Italiana (Italie), &hellip; <a href=\"https:\/\/blog.crei.ffspeleo.fr\/?p=1322\" class=\"more-link\">Continuer la lecture de <span class=\"screen-reader-text\">K\u00f6\u00fdtendag 2024 &#8211; seconde exp\u00e9dition sp\u00e9l\u00e9ologique au Turkm\u00e9nistan<\/span>  <span class=\"meta-nav\">&rarr;<\/span><\/a><\/p>\n","protected":false},"author":2,"featured_media":0,"comment_status":"open","ping_status":"closed","sticky":false,"template":"","format":"standard","meta":{"footnotes":""},"categories":[55,88],"tags":[4,9,3,92],"class_list":["post-1322","post","type-post","status-publish","format-standard","hentry","category-expedition","category-turkmenistan","tag-expedition","tag-exploration","tag-speleologie","tag-turkmenistan"],"_links":{"self":[{"href":"https:\/\/blog.crei.ffspeleo.fr\/index.php?rest_route=\/wp\/v2\/posts\/1322","targetHints":{"allow":["GET"]}}],"collection":[{"href":"https:\/\/blog.crei.ffspeleo.fr\/index.php?rest_route=\/wp\/v2\/posts"}],"about":[{"href":"https:\/\/blog.crei.ffspeleo.fr\/index.php?rest_route=\/wp\/v2\/types\/post"}],"author":[{"embeddable":true,"href":"https:\/\/blog.crei.ffspeleo.fr\/index.php?rest_route=\/wp\/v2\/users\/2"}],"replies":[{"embeddable":true,"href":"https:\/\/blog.crei.ffspeleo.fr\/index.php?rest_route=%2Fwp%2Fv2%2Fcomments&post=1322"}],"version-history":[{"count":7,"href":"https:\/\/blog.crei.ffspeleo.fr\/index.php?rest_route=\/wp\/v2\/posts\/1322\/revisions"}],"predecessor-version":[{"id":1332,"href":"https:\/\/blog.crei.ffspeleo.fr\/index.php?rest_route=\/wp\/v2\/posts\/1322\/revisions\/1332"}],"wp:attachment":[{"href":"https:\/\/blog.crei.ffspeleo.fr\/index.php?rest_route=%2Fwp%2Fv2%2Fmedia&parent=1322"}],"wp:term":[{"taxonomy":"category","embeddable":true,"href":"https:\/\/blog.crei.ffspeleo.fr\/index.php?rest_route=%2Fwp%2Fv2%2Fcategories&post=1322"},{"taxonomy":"post_tag","embeddable":true,"href":"https:\/\/blog.crei.ffspeleo.fr\/index.php?rest_route=%2Fwp%2Fv2%2Ftags&post=1322"}],"curies":[{"name":"wp","href":"https:\/\/api.w.org\/{rel}","templated":true}]}}