{"id":1353,"date":"2025-01-03T18:22:25","date_gmt":"2025-01-03T17:22:25","guid":{"rendered":"https:\/\/blog.crei.ffspeleo.fr\/?p=1353"},"modified":"2025-01-03T19:40:53","modified_gmt":"2025-01-03T18:40:53","slug":"expedition-archeologique-et-speleologique-au-botswana-homini-karst-du-19-novembre-au-14-decembre-2024","status":"publish","type":"post","link":"https:\/\/blog.crei.ffspeleo.fr\/?p=1353","title":{"rendered":"Exp\u00e9dition arch\u00e9ologique et sp\u00e9l\u00e9ologique au Botswana Homini-Karst du 19 novembre au 14 d\u00e9cembre 2024"},"content":{"rendered":"\n<figure class=\"wp-block-image size-large\"><a href=\"https:\/\/blog.crei.ffspeleo.fr\/wp-content\/uploads\/2025\/01\/prospection-dans-le-bush.jpg\"><img loading=\"lazy\" decoding=\"async\" width=\"1024\" height=\"768\" src=\"https:\/\/blog.crei.ffspeleo.fr\/wp-content\/uploads\/2025\/01\/prospection-dans-le-bush-1024x768.jpg\" alt=\"\" class=\"wp-image-1359\" srcset=\"https:\/\/blog.crei.ffspeleo.fr\/wp-content\/uploads\/2025\/01\/prospection-dans-le-bush-1024x768.jpg 1024w, https:\/\/blog.crei.ffspeleo.fr\/wp-content\/uploads\/2025\/01\/prospection-dans-le-bush-300x225.jpg 300w, https:\/\/blog.crei.ffspeleo.fr\/wp-content\/uploads\/2025\/01\/prospection-dans-le-bush-768x576.jpg 768w, https:\/\/blog.crei.ffspeleo.fr\/wp-content\/uploads\/2025\/01\/prospection-dans-le-bush-1536x1152.jpg 1536w, https:\/\/blog.crei.ffspeleo.fr\/wp-content\/uploads\/2025\/01\/prospection-dans-le-bush.jpg 1600w\" sizes=\"auto, (max-width: 1024px) 100vw, 1024px\" \/><\/a><figcaption class=\"wp-element-caption\"><strong><em>Prospection dans le bush<\/em><\/strong><\/figcaption><\/figure>\n\n\n\n<p>L\u2019objectif de la mission Homini-Karst conduite par Laurent Bruxelles, est de documenter la pr\u00e9sence d\u2019hominines il y a plusieurs millions d\u2019ann\u00e9es, dans la r\u00e9gion d\u2019Afrique australe, afin de faire le lien entre Afrique de l\u2019Est et l\u2019Afrique du Sud o\u00f9 la quasi-totalit\u00e9 des vestiges ont \u00e9t\u00e9 d\u00e9couverts. Il s\u2019agit d\u2019explorer des grottes tr\u00e8s anciennes, des avens pi\u00e8ges, et de continuer particuli\u00e8rement \u00e0 \u00e9tudier la br\u00e8che, un remplissage karstique ciment\u00e9 par la calcite qui comporte des fossiles. Dans cette br\u00e8che, l\u2019\u00e9quipe de Homini-Karst recherche des fossiles de micro et macrofaune et des vestiges d\u2019hominines. Pour mener \u00e0 bien cette mission du CNRS, une \u00e9quipe pluridisciplinaire de 12 chercheurs, sp\u00e9l\u00e9ologues g\u00e9oarch\u00e9ologues et pal\u00e9ontologues est constitu\u00e9e, dont quatre licenci\u00e9s \u00e0 la FFS, (Laurent Bruxelles, Gregory Dandurand, Philippe Auriol, V\u00e9ronique Olivier) a \u00e9t\u00e9 r\u00e9unie, avec la collaboration d\u2019une \u00e9quipe d\u2019une dizaine d\u2019agents du Mus\u00e9e national du Botswana.<\/p>\n\n\n\n<figure class=\"wp-block-image size-large\"><a href=\"https:\/\/blog.crei.ffspeleo.fr\/wp-content\/uploads\/2025\/01\/Gcwihaba-nord-photo-LBX-scaled.jpg\"><img loading=\"lazy\" decoding=\"async\" width=\"1024\" height=\"768\" src=\"https:\/\/blog.crei.ffspeleo.fr\/wp-content\/uploads\/2025\/01\/Gcwihaba-nord-photo-LBX-1024x768.jpg\" alt=\"\" class=\"wp-image-1356\" srcset=\"https:\/\/blog.crei.ffspeleo.fr\/wp-content\/uploads\/2025\/01\/Gcwihaba-nord-photo-LBX-1024x768.jpg 1024w, https:\/\/blog.crei.ffspeleo.fr\/wp-content\/uploads\/2025\/01\/Gcwihaba-nord-photo-LBX-300x225.jpg 300w, https:\/\/blog.crei.ffspeleo.fr\/wp-content\/uploads\/2025\/01\/Gcwihaba-nord-photo-LBX-768x576.jpg 768w, https:\/\/blog.crei.ffspeleo.fr\/wp-content\/uploads\/2025\/01\/Gcwihaba-nord-photo-LBX-1536x1152.jpg 1536w, https:\/\/blog.crei.ffspeleo.fr\/wp-content\/uploads\/2025\/01\/Gcwihaba-nord-photo-LBX-2048x1536.jpg 2048w\" sizes=\"auto, (max-width: 1024px) 100vw, 1024px\" \/><\/a><figcaption class=\"wp-element-caption\"><strong><em>Gcwihaba nord<\/em><\/strong><\/figcaption><\/figure>\n\n\n\n<p>La formation des grottes par fant\u00f4misation et biocorrosion est \u00e9galement le sujet d\u2019\u00e9tude de Laurent et Gregory, qu\u2019ils continuent de documenter. Une attention particuli\u00e8re a \u00e9t\u00e9 port\u00e9e sur l\u2019\u00e9tude des paysages et l\u2019environnement autour des cavit\u00e9s, avec Bastien Chadelle, doctorant de Laurent, afin de mieux comprendre le fonctionnement de l\u2019\u00e9cosyst\u00e8me, les \u00e9changes avec la surface.<br>Un congr\u00e8s de deux jours dans la ville de Maun a permis de pr\u00e9senter les r\u00e9sultats pr\u00e9liminaires et de tisser des liens solides avec les scientifiques d\u2019Afrique australe, notamment de Zambie, du Zimbabwe, d\u2019Afrique du sud et du Mozambique. Le congr\u00e8s s\u2019est achev\u00e9 avec la visite de l\u2019ambassadeur de France au Botswana et sa rencontre avec la premi\u00e8re secr\u00e9taire du minist\u00e8re de l\u2019environnement et du tourisme botswanais.<\/p>\n\n\n<div class=\"wp-block-image\">\n<figure class=\"aligncenter size-large is-resized\"><a href=\"https:\/\/blog.crei.ffspeleo.fr\/wp-content\/uploads\/2025\/01\/Waxhou-nord-et-ses-parois-de-sable-photo-VOL-scaled.jpg\"><img loading=\"lazy\" decoding=\"async\" width=\"768\" height=\"1024\" src=\"https:\/\/blog.crei.ffspeleo.fr\/wp-content\/uploads\/2025\/01\/Waxhou-nord-et-ses-parois-de-sable-photo-VOL-768x1024.jpg\" alt=\"\" class=\"wp-image-1361\" style=\"width:316px;height:auto\" srcset=\"https:\/\/blog.crei.ffspeleo.fr\/wp-content\/uploads\/2025\/01\/Waxhou-nord-et-ses-parois-de-sable-photo-VOL-768x1024.jpg 768w, https:\/\/blog.crei.ffspeleo.fr\/wp-content\/uploads\/2025\/01\/Waxhou-nord-et-ses-parois-de-sable-photo-VOL-225x300.jpg 225w, https:\/\/blog.crei.ffspeleo.fr\/wp-content\/uploads\/2025\/01\/Waxhou-nord-et-ses-parois-de-sable-photo-VOL-1152x1536.jpg 1152w, https:\/\/blog.crei.ffspeleo.fr\/wp-content\/uploads\/2025\/01\/Waxhou-nord-et-ses-parois-de-sable-photo-VOL-1536x2048.jpg 1536w, https:\/\/blog.crei.ffspeleo.fr\/wp-content\/uploads\/2025\/01\/Waxhou-nord-et-ses-parois-de-sable-photo-VOL-scaled.jpg 1920w\" sizes=\"auto, (max-width: 768px) 100vw, 768px\" \/><\/a><figcaption class=\"wp-element-caption\"><strong><em>Waxhou nord et ses parois de sable <\/em><\/strong><\/figcaption><\/figure><\/div>\n\n\n<p>L\u2019exp\u00e9dition s\u2019est d\u00e9roul\u00e9e dans le nord-ouest du pays dans le d\u00e9sert du Kalahari, autour des collines de Gcwihaba et de Koanaka. Le s\u00e9jour se d\u00e9roule en 4\u00d74 am\u00e9nag\u00e9s avec des tentes sur le toit, afin de garder de la mobilit\u00e9 entre les diff\u00e9rentes zones d\u2019\u00e9tude, cuisine de campagne et douche solaire sont notre quotidien. Le masque FFP3 sur le visage est requis dans les cavit\u00e9s comportant des colonies de chauves-souris. La temp\u00e9rature est de 25 degr\u00e9s sous terre jusque 28 degr\u00e9s. La mission s\u2019est d\u00e9roul\u00e9e apr\u00e8s une ann\u00e9e de s\u00e9cheresse et des records de temp\u00e9rature : 46 \u00b0C, le jour le plus chaud de l\u2019histoire du Botswana. Contrairement \u00e0 l\u2019ann\u00e9e pr\u00e9c\u00e9dente, il n\u2019y a pas eu de pluie.<\/p>\n\n\n<div class=\"wp-block-image\">\n<figure class=\"aligncenter size-large\"><a href=\"https:\/\/blog.crei.ffspeleo.fr\/wp-content\/uploads\/2025\/01\/Philippe-penetre-dans-Wadoum-scaled.jpg\"><img loading=\"lazy\" decoding=\"async\" width=\"768\" height=\"1024\" src=\"https:\/\/blog.crei.ffspeleo.fr\/wp-content\/uploads\/2025\/01\/Philippe-penetre-dans-Wadoum-768x1024.jpg\" alt=\"\" class=\"wp-image-1358\" srcset=\"https:\/\/blog.crei.ffspeleo.fr\/wp-content\/uploads\/2025\/01\/Philippe-penetre-dans-Wadoum-768x1024.jpg 768w, https:\/\/blog.crei.ffspeleo.fr\/wp-content\/uploads\/2025\/01\/Philippe-penetre-dans-Wadoum-225x300.jpg 225w, https:\/\/blog.crei.ffspeleo.fr\/wp-content\/uploads\/2025\/01\/Philippe-penetre-dans-Wadoum-1152x1536.jpg 1152w, https:\/\/blog.crei.ffspeleo.fr\/wp-content\/uploads\/2025\/01\/Philippe-penetre-dans-Wadoum-1536x2048.jpg 1536w, https:\/\/blog.crei.ffspeleo.fr\/wp-content\/uploads\/2025\/01\/Philippe-penetre-dans-Wadoum-scaled.jpg 1920w\" sizes=\"auto, (max-width: 768px) 100vw, 768px\" \/><\/a><figcaption class=\"wp-element-caption\"><strong><em>Philippe pe\u0301ne\u0300tre dans Wadoum<\/em><\/strong><\/figcaption><\/figure><\/div>\n\n\n<p class=\"has-text-align-center\"><\/p>\n\n\n\n<h2 class=\"wp-block-heading has-text-align-center\"><strong><mark style=\"background-color:#f5f5f5\" class=\"has-inline-color has-green-color\">La mission a produit dix fois plus de r\u00e9sultats que celle de 2023<\/mark><\/strong><\/h2>\n\n\n\n<p><strong>Pal\u00e9ontologie <\/strong>: Jean-Baptiste Fourvel le pal\u00e9ofauniste a continu\u00e9 de documenter la pr\u00e9sence des l\u00e9opards dans la grotte de Gcwihaba. Apparemment il y a deux ados en plus du p\u00e8re et de la m\u00e8re. Pierre Linchamps microfauniste et Rapha\u00ebl Hanon taphomomiste ont fouill\u00e9, sur les indications de Laurent Bruxelles de la br\u00e8che fossilif\u00e8re d\u00e9calcifi\u00e9e \u00e0 Bones cave. Elle s\u2019apparente \u00e0 celle de Sterkfontein en Afrique du Sud par exemple. Sa texture meuble permet de r\u00e9aliser un tri par tamisage, ce qui permet de traiter un volume beaucoup plus important de s\u00e9diments par rapport au traitement de la br\u00e8che dure \u00e0 l\u2019acide comme l\u2019an dernier. Amel et Jacques Jaillet de l\u2019institut des d\u00e9serts et des steppes (les gentils s\u00e9niors de notre \u00e9quipe) ont activement particip\u00e9 aux op\u00e9rations de tri des ossements.<br>Bones cave est THE cavit\u00e9 qui fera le succ\u00e8s, \u00e0 terme, de la mission. Les s\u00e9diments qu\u2019elle contient ont le bon \u00e2ge (entre 2 et 3 millions d\u2019ann\u00e9es) et elle rec\u00e8le encore une grosse quantit\u00e9 de s\u00e9diments fossilif\u00e8res. Parmi les fossiles retrouv\u00e9s dans la br\u00e8che, les pal\u00e9ontologues ont retrouv\u00e9 des os de poissons, mais aussi d\u2019un th\u00e9ropith\u00e8que, un primate disparu il y a 2 millions d\u2019ann\u00e9es.<\/p>\n\n\n\n<figure class=\"wp-block-image size-large\"><a href=\"https:\/\/blog.crei.ffspeleo.fr\/wp-content\/uploads\/2025\/01\/decouverte-du-babouin-momifie-photo-VOL-scaled.jpg\"><img loading=\"lazy\" decoding=\"async\" width=\"1024\" height=\"768\" src=\"https:\/\/blog.crei.ffspeleo.fr\/wp-content\/uploads\/2025\/01\/decouverte-du-babouin-momifie-photo-VOL-1024x768.jpg\" alt=\"\" class=\"wp-image-1355\" srcset=\"https:\/\/blog.crei.ffspeleo.fr\/wp-content\/uploads\/2025\/01\/decouverte-du-babouin-momifie-photo-VOL-1024x768.jpg 1024w, https:\/\/blog.crei.ffspeleo.fr\/wp-content\/uploads\/2025\/01\/decouverte-du-babouin-momifie-photo-VOL-300x225.jpg 300w, https:\/\/blog.crei.ffspeleo.fr\/wp-content\/uploads\/2025\/01\/decouverte-du-babouin-momifie-photo-VOL-768x576.jpg 768w, https:\/\/blog.crei.ffspeleo.fr\/wp-content\/uploads\/2025\/01\/decouverte-du-babouin-momifie-photo-VOL-1536x1152.jpg 1536w, https:\/\/blog.crei.ffspeleo.fr\/wp-content\/uploads\/2025\/01\/decouverte-du-babouin-momifie-photo-VOL-2048x1536.jpg 2048w\" sizes=\"auto, (max-width: 1024px) 100vw, 1024px\" \/><\/a><figcaption class=\"wp-element-caption\"><strong><em>De\u0301couverte du babouin momifie\u0301<\/em><\/strong><\/figcaption><\/figure>\n\n\n<div class=\"wp-block-image\">\n<figure class=\"aligncenter size-large\"><a href=\"https:\/\/blog.crei.ffspeleo.fr\/wp-content\/uploads\/2025\/01\/microfaune-prise-dans-la-breche-scaled.jpg\"><img loading=\"lazy\" decoding=\"async\" width=\"1024\" height=\"768\" src=\"https:\/\/blog.crei.ffspeleo.fr\/wp-content\/uploads\/2025\/01\/microfaune-prise-dans-la-breche-1024x768.jpg\" alt=\"\" class=\"wp-image-1357\" srcset=\"https:\/\/blog.crei.ffspeleo.fr\/wp-content\/uploads\/2025\/01\/microfaune-prise-dans-la-breche-1024x768.jpg 1024w, https:\/\/blog.crei.ffspeleo.fr\/wp-content\/uploads\/2025\/01\/microfaune-prise-dans-la-breche-300x225.jpg 300w, https:\/\/blog.crei.ffspeleo.fr\/wp-content\/uploads\/2025\/01\/microfaune-prise-dans-la-breche-768x576.jpg 768w, https:\/\/blog.crei.ffspeleo.fr\/wp-content\/uploads\/2025\/01\/microfaune-prise-dans-la-breche-1536x1152.jpg 1536w, https:\/\/blog.crei.ffspeleo.fr\/wp-content\/uploads\/2025\/01\/microfaune-prise-dans-la-breche-2048x1536.jpg 2048w\" sizes=\"auto, (max-width: 1024px) 100vw, 1024px\" \/><\/a><figcaption class=\"wp-element-caption\"><strong><em>Microfaune prise dans la bre\u0300che<\/em><\/strong><\/figcaption><\/figure><\/div>\n\n\n<p><strong>Sp\u00e9l\u00e9ologie <\/strong>: Laurent Bruxelles, V\u00e9ronique Olivier et Philippe Auriol ont visit\u00e9 plusieurs cavit\u00e9s pour \u00e9tayer le mode de formation des grottes, des relev\u00e9s stratigraphiques ont \u00e9t\u00e9 dress\u00e9s. La visite de Waxhou Sud a permis la d\u00e9couverte d\u2019un babouin momifi\u00e9 en bas d\u2019un aven pi\u00e8ge, \u00e0 \u2013 50 m au pied d\u2019un talus de s\u00e9diments. Il a \u00e9t\u00e9 scann\u00e9 dans sa position initiale, la m\u00eame que Little foot, l\u2019australopith\u00e8que d\u00e9couvert en 1997 \u00e0 Sterkfontein. Le babouin a \u00e9t\u00e9 sorti de la cavit\u00e9 en duo par temps bien sec pour qu\u2019il n\u2019y ait pas de reprise de pourriture \u00e0 la sortie du gouffre. Philippe a lev\u00e9 le corps et V\u00e9ro a assur\u00e9 son transport. La momie a \u00e9t\u00e9 pr\u00e9sent\u00e9e sur le campus \u00e9ph\u00e9m\u00e8re de la mission avant de partir pour \u00eatre expos\u00e9 au mus\u00e9e d\u2019histoire naturelle de Gaborone et ainsi documenter l\u2019int\u00e9r\u00eat des avens pi\u00e8ges dans la recherche des fossiles.<\/p>\n\n\n<div class=\"wp-block-image\">\n<figure class=\"aligncenter size-large\"><a href=\"https:\/\/blog.crei.ffspeleo.fr\/wp-content\/uploads\/2025\/01\/Dans-Wadoum-les-racines-de-figuier-brise-roche-transforment-la-cavite-en-jungle-petrifiee-scaled.jpg\"><img loading=\"lazy\" decoding=\"async\" width=\"768\" height=\"1024\" src=\"https:\/\/blog.crei.ffspeleo.fr\/wp-content\/uploads\/2025\/01\/Dans-Wadoum-les-racines-de-figuier-brise-roche-transforment-la-cavite-en-jungle-petrifiee-768x1024.jpg\" alt=\"\" class=\"wp-image-1354\" srcset=\"https:\/\/blog.crei.ffspeleo.fr\/wp-content\/uploads\/2025\/01\/Dans-Wadoum-les-racines-de-figuier-brise-roche-transforment-la-cavite-en-jungle-petrifiee-768x1024.jpg 768w, https:\/\/blog.crei.ffspeleo.fr\/wp-content\/uploads\/2025\/01\/Dans-Wadoum-les-racines-de-figuier-brise-roche-transforment-la-cavite-en-jungle-petrifiee-225x300.jpg 225w, https:\/\/blog.crei.ffspeleo.fr\/wp-content\/uploads\/2025\/01\/Dans-Wadoum-les-racines-de-figuier-brise-roche-transforment-la-cavite-en-jungle-petrifiee-1152x1536.jpg 1152w, https:\/\/blog.crei.ffspeleo.fr\/wp-content\/uploads\/2025\/01\/Dans-Wadoum-les-racines-de-figuier-brise-roche-transforment-la-cavite-en-jungle-petrifiee-1536x2048.jpg 1536w, https:\/\/blog.crei.ffspeleo.fr\/wp-content\/uploads\/2025\/01\/Dans-Wadoum-les-racines-de-figuier-brise-roche-transforment-la-cavite-en-jungle-petrifiee-scaled.jpg 1920w\" sizes=\"auto, (max-width: 768px) 100vw, 768px\" \/><\/a><figcaption class=\"wp-element-caption\"><em><strong>Dans Wadoum les racines de figuier brise roche transforment la cavite\u0301 en jungle pe\u0301trifie\u0301<\/strong><\/em><\/figcaption><\/figure><\/div>\n\n\n<p><strong>Communaut\u00e9 scientifique et coop\u00e9ration<\/strong> : Les 20 jours d\u2019exp\u00e9dition sur le terrain se sont d\u00e9roul\u00e9s avec le soutien de 10 fouilleurs, agents du mus\u00e9e de Gaborone. Un congr\u00e8s de restitution des travaux en cours en Afrique australe a permis la pr\u00e9sentation des premiers r\u00e9sultats et la structuration d\u2019un r\u00e9seau scientifique sur les pal\u00e9osciences \u00e0 l\u2019\u00e9chelle de l\u2019Afrique australe. L\u2019occasion de faire connaissance avec des chercheurs qui pourront apporter leur regard, par exemple sur la recherche d\u2019objets lithiques.<\/p>\n\n\n\n<figure class=\"wp-block-image size-large\"><a href=\"https:\/\/blog.crei.ffspeleo.fr\/wp-content\/uploads\/2025\/01\/regard-sur-les-leopards-dans-la-camera-trap-scaled.jpg\"><img loading=\"lazy\" decoding=\"async\" width=\"1024\" height=\"768\" src=\"https:\/\/blog.crei.ffspeleo.fr\/wp-content\/uploads\/2025\/01\/regard-sur-les-leopards-dans-la-camera-trap-1024x768.jpg\" alt=\"\" class=\"wp-image-1360\" srcset=\"https:\/\/blog.crei.ffspeleo.fr\/wp-content\/uploads\/2025\/01\/regard-sur-les-leopards-dans-la-camera-trap-1024x768.jpg 1024w, https:\/\/blog.crei.ffspeleo.fr\/wp-content\/uploads\/2025\/01\/regard-sur-les-leopards-dans-la-camera-trap-300x225.jpg 300w, https:\/\/blog.crei.ffspeleo.fr\/wp-content\/uploads\/2025\/01\/regard-sur-les-leopards-dans-la-camera-trap-768x576.jpg 768w, https:\/\/blog.crei.ffspeleo.fr\/wp-content\/uploads\/2025\/01\/regard-sur-les-leopards-dans-la-camera-trap-1536x1152.jpg 1536w, https:\/\/blog.crei.ffspeleo.fr\/wp-content\/uploads\/2025\/01\/regard-sur-les-leopards-dans-la-camera-trap-2048x1536.jpg 2048w\" sizes=\"auto, (max-width: 1024px) 100vw, 1024px\" \/><\/a><figcaption class=\"wp-element-caption\"><strong><em>Regard sur les le\u0301opards dans la came\u0301ra trap<\/em><\/strong><\/figcaption><\/figure>\n\n\n\n<h2 class=\"wp-block-heading\">Perspectives 2025<\/h2>\n\n\n\n<p>La prochaine exp\u00e9dition en 2025 permettra de continuer la fouille de Bones caves sur les niveaux de br\u00e8che 2 et 3, pour sortir plus de fossiles, continuer la fouille de surface, et trouver des restes d\u2019hominine.<br>Une conf\u00e9rence de restitution sera organis\u00e9e au village de Xai Xai afin d\u2019informer la population locale, de partager les d\u00e9couvertes et de poursuivre la collaboration (il y a 2 emplois de fouilleurs avec des villageois).<br>L\u2019\u00e9quipe d\u2019Homini-karst apportera ses connaissances pour la constitution du dossier d\u2019inscription de Gcwihaba cave au patrimoine mondial de l\u2019UNESCO, dont la candidature est accept\u00e9e. Il s\u2019agira du premier site o\u00f9 le guano et la biocorrosion auront une valeur mondiale, car ils constituent la valeur originale et unique de ces cavit\u00e9s parmi tous les autres sites inscrits au patrimoine mondial.<\/p>\n","protected":false},"excerpt":{"rendered":"<p>L\u2019objectif de la mission Homini-Karst conduite par Laurent Bruxelles, est de documenter la pr\u00e9sence d\u2019hominines il y a plusieurs millions d\u2019ann\u00e9es, dans la r\u00e9gion d\u2019Afrique australe, afin de faire le lien entre Afrique de l\u2019Est et l\u2019Afrique du Sud o\u00f9 la quasi-totalit\u00e9 des vestiges ont \u00e9t\u00e9 d\u00e9couverts. Il s\u2019agit d\u2019explorer des grottes tr\u00e8s anciennes, des &hellip; <a href=\"https:\/\/blog.crei.ffspeleo.fr\/?p=1353\" class=\"more-link\">Continuer la lecture de <span class=\"screen-reader-text\">Exp\u00e9dition arch\u00e9ologique et sp\u00e9l\u00e9ologique au Botswana Homini-Karst du 19 novembre au 14 d\u00e9cembre 2024<\/span>  <span class=\"meta-nav\">&rarr;<\/span><\/a><\/p>\n","protected":false},"author":2,"featured_media":0,"comment_status":"open","ping_status":"closed","sticky":false,"template":"","format":"standard","meta":{"footnotes":""},"categories":[77,83,55],"tags":[4,9,13,8,3],"class_list":["post-1353","post","type-post","status-publish","format-standard","hentry","category-archeologie","category-bostwana","category-expedition","tag-expedition","tag-exploration","tag-explorations","tag-speleo","tag-speleologie"],"_links":{"self":[{"href":"https:\/\/blog.crei.ffspeleo.fr\/index.php?rest_route=\/wp\/v2\/posts\/1353","targetHints":{"allow":["GET"]}}],"collection":[{"href":"https:\/\/blog.crei.ffspeleo.fr\/index.php?rest_route=\/wp\/v2\/posts"}],"about":[{"href":"https:\/\/blog.crei.ffspeleo.fr\/index.php?rest_route=\/wp\/v2\/types\/post"}],"author":[{"embeddable":true,"href":"https:\/\/blog.crei.ffspeleo.fr\/index.php?rest_route=\/wp\/v2\/users\/2"}],"replies":[{"embeddable":true,"href":"https:\/\/blog.crei.ffspeleo.fr\/index.php?rest_route=%2Fwp%2Fv2%2Fcomments&post=1353"}],"version-history":[{"count":3,"href":"https:\/\/blog.crei.ffspeleo.fr\/index.php?rest_route=\/wp\/v2\/posts\/1353\/revisions"}],"predecessor-version":[{"id":1364,"href":"https:\/\/blog.crei.ffspeleo.fr\/index.php?rest_route=\/wp\/v2\/posts\/1353\/revisions\/1364"}],"wp:attachment":[{"href":"https:\/\/blog.crei.ffspeleo.fr\/index.php?rest_route=%2Fwp%2Fv2%2Fmedia&parent=1353"}],"wp:term":[{"taxonomy":"category","embeddable":true,"href":"https:\/\/blog.crei.ffspeleo.fr\/index.php?rest_route=%2Fwp%2Fv2%2Fcategories&post=1353"},{"taxonomy":"post_tag","embeddable":true,"href":"https:\/\/blog.crei.ffspeleo.fr\/index.php?rest_route=%2Fwp%2Fv2%2Ftags&post=1353"}],"curies":[{"name":"wp","href":"https:\/\/api.w.org\/{rel}","templated":true}]}}