{"id":1411,"date":"2025-07-27T17:07:25","date_gmt":"2025-07-27T16:07:25","guid":{"rendered":"https:\/\/blog.crei.ffspeleo.fr\/?p=1411"},"modified":"2025-07-27T17:07:25","modified_gmt":"2025-07-27T16:07:25","slug":"expedition-biospeleologique-au-maroc-focus-sur-les-araignees","status":"publish","type":"post","link":"https:\/\/blog.crei.ffspeleo.fr\/?p=1411","title":{"rendered":"Exp\u00e9dition biosp\u00e9l\u00e9ologique au Maroc : focus sur les araign\u00e9es"},"content":{"rendered":"\n<p>Cette exp\u00e9dition de biosp\u00e9ologie, du 14 au 26 mai 2025 fait suite \u00e0 plusieurs stages de formation \u00e0 la biologie souterraine (Tazekka, Agadir 2022), \u00e0 une premi\u00e8re exp\u00e9dition de biosp\u00e9l\u00e9ologie en 2023 et \u00e0 diverses autres missions ou exp\u00e9ditions. L\u2019ensemble de ces actions a impliqu\u00e9 Soumia, qui a ainsi \u00e9t\u00e9 accompagn\u00e9e dans son travail de th\u00e8se sur la faune souterraine du Maroc, th\u00e8se qu\u2019elle a soutenue avec succ\u00e8s en 2023 et qui vient d\u2019obtenir un poste d\u2019enseignante-chercheuse \u00e0 Oujda dans le nord-est du Maroc.<\/p>\n\n\n\n<p>Sylvain Lecigne est sp\u00e9cialiste des araign\u00e9es et assume le travail de d\u00e9termination des esp\u00e8ces r\u00e9colt\u00e9es, soit dans le domaine souterrain, soit sur des sites ext\u00e9rieurs. Il a particip\u00e9 \u00e0 l\u2019exp\u00e9dition \u00ab\u00a0Biosp\u00e9l\u00e9ologie au Maroc 2023\u00a0\u00bb ainsi qu\u2019au camp d\u2019exploration RIF 2024. Il a ainsi pu publier une note de 184 pages, d\u00e9crivant notamment 24 nouvelles esp\u00e8ces d\u2019araign\u00e9es pour la Science et 51 autres esp\u00e8ces nouvelles pour le pays. Cette publication montre que la connaissance de la biodiversit\u00e9 des araign\u00e9es reste tr\u00e8s embryonnaire au Maroc. De nombreuses esp\u00e8ces restent \u00e0 d\u00e9couvrir et pour d\u2019autres esp\u00e8ces, seul un sexe est connu \u00a0et il faut donc trouver le second pour le d\u00e9crire.<\/p>\n\n\n\n<figure class=\"wp-block-image size-full\"><a href=\"https:\/\/blog.crei.ffspeleo.fr\/wp-content\/uploads\/2025\/07\/maroc3.jpg\"><img loading=\"lazy\" decoding=\"async\" width=\"868\" height=\"652\" src=\"https:\/\/blog.crei.ffspeleo.fr\/wp-content\/uploads\/2025\/07\/maroc3.jpg\" alt=\"\" class=\"wp-image-1416\" srcset=\"https:\/\/blog.crei.ffspeleo.fr\/wp-content\/uploads\/2025\/07\/maroc3.jpg 868w, https:\/\/blog.crei.ffspeleo.fr\/wp-content\/uploads\/2025\/07\/maroc3-300x225.jpg 300w, https:\/\/blog.crei.ffspeleo.fr\/wp-content\/uploads\/2025\/07\/maroc3-768x577.jpg 768w\" sizes=\"auto, (max-width: 868px) 100vw, 868px\" \/><\/a><\/figure>\n\n\n\n<h2 class=\"wp-block-heading\">L\u2019exp\u00e9dition s\u2019est d\u00e9roul\u00e9e dans 4 zones karstiques<\/h2>\n\n\n\n<p>* Le massif du Tazekka, au sud de Taza, correspond \u00e0 la partie nord du Moyen Atlas. H\u00e9berg\u00e9s dans le g\u00eete de Daya Chiker, nous y avons visit\u00e9 en 5 jours sur le terrain, 8 cavit\u00e9s, souvent de d\u00e9veloppement assez modeste (ghar Bouslama, ghar Izoura, mine de plomb de Bab Boudir, ghar Bab M\u2019Tik, ghar Bouym 1, ghar Bouym 2, ghar Sidi M&rsquo;Jber, grotte ou Trou de la Piste).<\/p>\n\n\n\n<p>Amine Lasri, un sp\u00e9l\u00e9ologue marocain nous a accompagn\u00e9 dans cette partie de l\u2019exp\u00e9dition. Nous avons profit\u00e9 de ces visites pour lever des topographies ou faire des sch\u00e9mas assez pr\u00e9cis de 5 cavit\u00e9s pour lesquelles n\u2019existaient aucun plan ni sch\u00e9ma (ghar Bab M\u2019Tik, ghar Bouym 1, ghar Bouym 2, ghar Sidi M&rsquo;Jber, Trou de la Piste).<\/p>\n\n\n\n<p>* Ghar el Kef est une cavit\u00e9 importante du Maroc mais tr\u00e8s isol\u00e9, au nord de Taza, donc dans la cha\u00eene de l\u2019atlas tellien. Il s\u2019agit d\u2019une travers\u00e9e d\u2019environ un kilom\u00e8tre, sans difficult\u00e9 technique. Nous l\u2019avons visit\u00e9 en inventoriant la faune le 21 mai en faisant un large crochet sur la route de Taza \u00e0 Oujda.&nbsp;<\/p>\n\n\n\n<p>* Le massif des B\u00e9ni Snassen, dernier massif marocain \u00e0 l\u2019est de l\u2019atlas tellien. H\u00e9berg\u00e9s chez Soumia \u00e0 Oujda, nous y avons visit\u00e9 deux cavit\u00e9s (ghar Jleda, que nous avons partiellement topographi\u00e9, et Ifri Ntafaghi).<\/p>\n\n\n\n<p>* Enfin, un arch\u00e9ologue de l\u2019universit\u00e9 d\u2019Oujda nous a propos\u00e9 de visiter une cavit\u00e9 d\u2019int\u00e9r\u00eat arch\u00e9ologique, ghar Guenfouda, \u00e0 une trentaine de kilom\u00e8tres au sud d\u2019Oujda. Cette cavit\u00e9, tr\u00e8s s\u00e8che, s\u2019est r\u00e9v\u00e9l\u00e9e pauvre en faune mais se situe dans une zone non cit\u00e9e dans l\u2019inventaire des cavit\u00e9s marocaines et qui est probablement riche d\u2019autres cavit\u00e9s.<\/p>\n\n\n\n<figure class=\"wp-block-image size-large\"><a href=\"https:\/\/blog.crei.ffspeleo.fr\/wp-content\/uploads\/2025\/07\/maroc2.jpg\"><img loading=\"lazy\" decoding=\"async\" width=\"1024\" height=\"768\" src=\"https:\/\/blog.crei.ffspeleo.fr\/wp-content\/uploads\/2025\/07\/maroc2-1024x768.jpg\" alt=\"\" class=\"wp-image-1417\" srcset=\"https:\/\/blog.crei.ffspeleo.fr\/wp-content\/uploads\/2025\/07\/maroc2-1024x768.jpg 1024w, https:\/\/blog.crei.ffspeleo.fr\/wp-content\/uploads\/2025\/07\/maroc2-300x225.jpg 300w, https:\/\/blog.crei.ffspeleo.fr\/wp-content\/uploads\/2025\/07\/maroc2-768x576.jpg 768w, https:\/\/blog.crei.ffspeleo.fr\/wp-content\/uploads\/2025\/07\/maroc2.jpg 1500w\" sizes=\"auto, (max-width: 1024px) 100vw, 1024px\" \/><\/a><\/figure>\n\n\n\n<h2 class=\"wp-block-heading\">12 cavit\u00e9s inventori\u00e9es<\/h2>\n\n\n\n<p>Ce sont en d\u00e9finitive 12 cavit\u00e9s qui ont \u00e9t\u00e9 inventori\u00e9es sans compter une petite cavit\u00e9 trouv\u00e9e en bord de route dont nous avons simplement fait un sch\u00e9ma.<\/p>\n\n\n\n<p>Dans ces quatre zones, le but principal \u00e9tait la recherche d\u2019araign\u00e9es, qui seront \u00e9tudi\u00e9es par Sylvain, mais \u00e9galement de l\u2019ensemble de la faune souterraine (essentiellement \u00e9tudi\u00e9e par Soumia, mise \u00e0 part les col\u00e9opt\u00e8res pour lesquels j\u2019essayerai de trouver des sp\u00e9cialistes en France).<\/p>\n\n\n\n<p>Tout comme en 2023, nous avons \u00e9galement recherch\u00e9 des araign\u00e9es sur une douzaine de sites ext\u00e9rieurs. Nul doute que cette exp\u00e9dition permettra encore de mettre en \u00e9vidence de nouvelles esp\u00e8ces d\u2019araign\u00e9es et de toute mani\u00e8re de fournir des informations sur la r\u00e9partition, la ph\u00e9nologie et l\u2019\u00e9cologie des diverses esp\u00e8ces \u00e9chantillonn\u00e9es.<\/p>\n\n\n\n<figure class=\"wp-block-image size-full\"><a href=\"https:\/\/blog.crei.ffspeleo.fr\/wp-content\/uploads\/2025\/07\/maroc1.jpg\"><img loading=\"lazy\" decoding=\"async\" width=\"845\" height=\"643\" src=\"https:\/\/blog.crei.ffspeleo.fr\/wp-content\/uploads\/2025\/07\/maroc1.jpg\" alt=\"\" class=\"wp-image-1418\" srcset=\"https:\/\/blog.crei.ffspeleo.fr\/wp-content\/uploads\/2025\/07\/maroc1.jpg 845w, https:\/\/blog.crei.ffspeleo.fr\/wp-content\/uploads\/2025\/07\/maroc1-300x228.jpg 300w, https:\/\/blog.crei.ffspeleo.fr\/wp-content\/uploads\/2025\/07\/maroc1-768x584.jpg 768w\" sizes=\"auto, (max-width: 845px) 100vw, 845px\" \/><\/a><\/figure>\n\n\n\n<h2 class=\"wp-block-heading\">L&rsquo;\u00e9quipe<\/h2>\n\n\n\n<p><strong>Participants f\u00e9d\u00e9r\u00e9s \u00e0 la FFS :<\/strong> Bernard Lips, Josiane Lips, Jean-Philippe D\u00e9gletagne<\/p>\n\n\n\n<p><strong>Autres participants&nbsp;:<\/strong> Sylvain Lecigne (sp\u00e9cialiste des araign\u00e9es) et Soumia Moutaouakil (enseignante &#8211; chercheuse marocaine en biosp\u00e9ologie), Mohammed Amine Lasri (sp\u00e9l\u00e9ologue marocain)<\/p>\n\n\n\n<figure class=\"wp-block-image size-large\"><a href=\"https:\/\/blog.crei.ffspeleo.fr\/wp-content\/uploads\/2025\/07\/maroc6.jpg\"><img loading=\"lazy\" decoding=\"async\" width=\"1024\" height=\"752\" src=\"https:\/\/blog.crei.ffspeleo.fr\/wp-content\/uploads\/2025\/07\/maroc6-1024x752.jpg\" alt=\"\" class=\"wp-image-1419\" srcset=\"https:\/\/blog.crei.ffspeleo.fr\/wp-content\/uploads\/2025\/07\/maroc6-1024x752.jpg 1024w, https:\/\/blog.crei.ffspeleo.fr\/wp-content\/uploads\/2025\/07\/maroc6-300x220.jpg 300w, https:\/\/blog.crei.ffspeleo.fr\/wp-content\/uploads\/2025\/07\/maroc6-768x564.jpg 768w, https:\/\/blog.crei.ffspeleo.fr\/wp-content\/uploads\/2025\/07\/maroc6-1536x1128.jpg 1536w, https:\/\/blog.crei.ffspeleo.fr\/wp-content\/uploads\/2025\/07\/maroc6.jpg 1566w\" sizes=\"auto, (max-width: 1024px) 100vw, 1024px\" \/><\/a><\/figure>\n","protected":false},"excerpt":{"rendered":"<p>Cette exp\u00e9dition de biosp\u00e9ologie, du 14 au 26 mai 2025 fait suite \u00e0 plusieurs stages de formation \u00e0 la biologie souterraine (Tazekka, Agadir 2022), \u00e0 une premi\u00e8re exp\u00e9dition de biosp\u00e9l\u00e9ologie en 2023 et \u00e0 diverses autres missions ou exp\u00e9ditions. L\u2019ensemble de ces actions a impliqu\u00e9 Soumia, qui a ainsi \u00e9t\u00e9 accompagn\u00e9e dans son travail de &hellip; <a href=\"https:\/\/blog.crei.ffspeleo.fr\/?p=1411\" class=\"more-link\">Continuer la lecture de <span class=\"screen-reader-text\">Exp\u00e9dition biosp\u00e9l\u00e9ologique au Maroc : focus sur les araign\u00e9es<\/span>  <span class=\"meta-nav\">&rarr;<\/span><\/a><\/p>\n","protected":false},"author":5,"featured_media":1414,"comment_status":"open","ping_status":"closed","sticky":false,"template":"","format":"standard","meta":{"footnotes":""},"categories":[55,58],"tags":[],"class_list":["post-1411","post","type-post","status-publish","format-standard","has-post-thumbnail","hentry","category-expedition","category-maroc"],"_links":{"self":[{"href":"https:\/\/blog.crei.ffspeleo.fr\/index.php?rest_route=\/wp\/v2\/posts\/1411","targetHints":{"allow":["GET"]}}],"collection":[{"href":"https:\/\/blog.crei.ffspeleo.fr\/index.php?rest_route=\/wp\/v2\/posts"}],"about":[{"href":"https:\/\/blog.crei.ffspeleo.fr\/index.php?rest_route=\/wp\/v2\/types\/post"}],"author":[{"embeddable":true,"href":"https:\/\/blog.crei.ffspeleo.fr\/index.php?rest_route=\/wp\/v2\/users\/5"}],"replies":[{"embeddable":true,"href":"https:\/\/blog.crei.ffspeleo.fr\/index.php?rest_route=%2Fwp%2Fv2%2Fcomments&post=1411"}],"version-history":[{"count":5,"href":"https:\/\/blog.crei.ffspeleo.fr\/index.php?rest_route=\/wp\/v2\/posts\/1411\/revisions"}],"predecessor-version":[{"id":1421,"href":"https:\/\/blog.crei.ffspeleo.fr\/index.php?rest_route=\/wp\/v2\/posts\/1411\/revisions\/1421"}],"wp:featuredmedia":[{"embeddable":true,"href":"https:\/\/blog.crei.ffspeleo.fr\/index.php?rest_route=\/wp\/v2\/media\/1414"}],"wp:attachment":[{"href":"https:\/\/blog.crei.ffspeleo.fr\/index.php?rest_route=%2Fwp%2Fv2%2Fmedia&parent=1411"}],"wp:term":[{"taxonomy":"category","embeddable":true,"href":"https:\/\/blog.crei.ffspeleo.fr\/index.php?rest_route=%2Fwp%2Fv2%2Fcategories&post=1411"},{"taxonomy":"post_tag","embeddable":true,"href":"https:\/\/blog.crei.ffspeleo.fr\/index.php?rest_route=%2Fwp%2Fv2%2Ftags&post=1411"}],"curies":[{"name":"wp","href":"https:\/\/api.w.org\/{rel}","templated":true}]}}