{"id":288,"date":"2015-09-16T21:01:34","date_gmt":"2015-09-16T20:01:34","guid":{"rendered":"https:\/\/blog.crei.ffspeleo.fr\/?p=288"},"modified":"2015-09-16T21:08:18","modified_gmt":"2015-09-16T20:08:18","slug":"cinquantenaire-de-lu-i-s-et-karstschool-entre-le-15-et-le-20-juin-2015-a-postojna-slovenie","status":"publish","type":"post","link":"https:\/\/blog.crei.ffspeleo.fr\/?p=288","title":{"rendered":"Cinquantenaire de l\u2019U.I.S et karstschool entre le 15 et le 20 juin 2015 \u00e0 Postojna (Slov\u00e9nie)"},"content":{"rendered":"<p>Cette ann\u00e9e, la 23<sup>\u00e8me <\/sup>karstological school de Postojna avait mis le paquet\u00a0! Au d\u00e9part, je trouvais les frais d\u2019inscription \u00e9lev\u00e9s (150 \u20ac) mais avec le programme offert, on ne peut qu\u2019applaudir une telle organisation o\u00f9 ce fut un plaisir de revoir ou d\u00e9couvrir des coll\u00e8gues du monde entier. D\u2019entr\u00e9e de jeu, le cadeau\u00a0: je peux enfin serrer la main de Trevor Shaw, le pape de l\u2019histoire de la sp\u00e9l\u00e9ologie (son ouvrage History of Cave science r\u00e9\u00e9dit\u00e9 en 1992 reste une bible) qui tel un fringant octog\u00e9naire suit, anime toute cette semaine. En fait, je d\u00e9couvre le vrai Karst que je ne connaissais que par les livres et les films\u00a0!<\/p>\n<p><a href=\"https:\/\/blog.crei.ffspeleo.fr\/wp-content\/uploads\/2015\/09\/IMGP0066.jpg\"><img loading=\"lazy\" decoding=\"async\" class=\"alignnone size-large wp-image-293\" src=\"https:\/\/blog.crei.ffspeleo.fr\/wp-content\/uploads\/2015\/09\/IMGP0066-1024x768.jpg\" alt=\"IMGP0066\" width=\"474\" height=\"356\" srcset=\"https:\/\/blog.crei.ffspeleo.fr\/wp-content\/uploads\/2015\/09\/IMGP0066-1024x768.jpg 1024w, https:\/\/blog.crei.ffspeleo.fr\/wp-content\/uploads\/2015\/09\/IMGP0066-300x225.jpg 300w\" sizes=\"auto, (max-width: 474px) 100vw, 474px\" \/><\/a><\/p>\n<div><span style=\"font-family: Arial; font-size: small;\">Planina Jama. Bernard Chirol<\/span><\/div>\n<div><\/div>\n<p>Les conf\u00e9rences s\u2019encha\u00eenent de la part de chercheurs du monde entier, beaucoup d\u2019Europe centrale, des Am\u00e9riques, des Antilles, d\u2019Australie et Nouvelle-Z\u00e9lande et pour notre pays, Philippe Audra, Christophe Gauchon et votre serviteur. La salle est vaste et souvent pleine, avec entre 100 et 200 spectateurs. Du mardi au jeudi, les apr\u00e8s-midi sont consacr\u00e9es \u00e0 des excursions d\u2019abord autour de Lubljana o\u00f9 nous admirons les paysages classiques du Karst \u00e9ponyme, avec ses poljes, ses grottes g\u00e9antes o\u00f9 s\u2019engouffrent et ressortent de belles rivi\u00e8res souterraines. Nous sommes dans un relief compris entre 500 et 1000 m d\u2019altitude, pas si diff\u00e9rent de ce qu\u2019on trouve dans le Jura. Nous visitons des sites pittoresquement karstiques, aux multiples entr\u00e9es, arches naturelles (rivi\u00e8re Ljubljanica \u00e0 Planinska jama, Rakov Skocjan, Cerknisko polje, etc). Didier Cailhol et Ana\u00efs Debourg nous ont rejoints.<\/p>\n<p><a href=\"https:\/\/blog.crei.ffspeleo.fr\/wp-content\/uploads\/2015\/09\/IMGP0026.jpg\"><img loading=\"lazy\" decoding=\"async\" class=\"alignnone size-large wp-image-290\" src=\"https:\/\/blog.crei.ffspeleo.fr\/wp-content\/uploads\/2015\/09\/IMGP0026-768x1024.jpg\" alt=\"IMGP0026\" width=\"474\" height=\"632\" srcset=\"https:\/\/blog.crei.ffspeleo.fr\/wp-content\/uploads\/2015\/09\/IMGP0026-768x1024.jpg 768w, https:\/\/blog.crei.ffspeleo.fr\/wp-content\/uploads\/2015\/09\/IMGP0026-225x300.jpg 225w\" sizes=\"auto, (max-width: 474px) 100vw, 474px\" \/><\/a><\/p>\n<div><span style=\"font-family: Arial; font-size: small;\">Vilenica Jama. Le Pdt sud-cor\u00e9en de l&rsquo;UIS Kyung Sik Woo remercie les gestionnaires sp\u00e9l\u00e9os. Bernard Chirol.<\/span><\/div>\n<p>Certains lieux sont en acc\u00e8s libre, d\u2019autres sont ferm\u00e9s et n\u2019ouvrent qu\u2019en week-end gr\u00e2ce aux sp\u00e9l\u00e9os comme la fameuse et merveilleuse grotte de Villenica qui fut (les actes \u00e9crits le prouvent) parmi les premi\u00e8res cavit\u00e9s mondiales \u00e0 recevoir des visiteurs payants en 1633.<\/p>\n<p>Le clou des visites fut cependant la grotte de Skocjanske jame (Slov\u00e9nie) o\u00f9 on nous rappela la mise en charge presque totale des conduits lors de la cr\u00e9ation de l\u2019UIS en 1965\u00a0(sur 160 m de hauteur environ) et la Grotta Gigante (Italie) au curieux cylindre central mesurant les mouvements de la cro\u00fbte terrestre. Pour clore le tout, la zone de r\u00e9surgence du Timavo nous accueillit pour une visite guid\u00e9e des captages, tout pr\u00e8s de l\u2019Adriatique.<\/p>\n<p>Des collations \u00e9taient pr\u00e9vues, des pique-niques lors des d\u00e9placements en car. Une organisation parfaite de la part des membres de l\u2019Institut du Karst de Postojna, notamment Andrej Mihevc et Nadja Zupan Hajna, toujours pr\u00eats \u00e0 commenter les excursions favoris\u00e9es aussi par nos coll\u00e8gues sp\u00e9l\u00e9ologues slov\u00e8nes et italiens. J\u2019eus \u00e9galement le plaisir d\u2019assister aux communications de mes coll\u00e8gues germanophones\u00a0: F. Knolle sur la sp\u00e9l\u00e9ologie pendant la guerre froide en Allemagne, Stephan Kempe sur les cavit\u00e9s volcaniques et le magistral expos\u00e9 de l\u2019Autrichien Johannes Mattes, Docteur fra\u00eechement d\u00e9sign\u00e9 pour sa ma\u00eetrise de l\u2019histoire sp\u00e9l\u00e9ologique dans l\u2019ancien Empire Austro-Hongrois (livre publi\u00e9). Nous e\u00fbmes le privil\u00e8ge de voir l\u2019intervention d\u2019Andrej Kranjc, karstologue et historien slov\u00e8ne.<\/p>\n<p><a href=\"https:\/\/blog.crei.ffspeleo.fr\/wp-content\/uploads\/2015\/09\/IMGP0060.jpg\"><img loading=\"lazy\" decoding=\"async\" class=\"alignnone size-large wp-image-292\" src=\"https:\/\/blog.crei.ffspeleo.fr\/wp-content\/uploads\/2015\/09\/IMGP0060-768x1024.jpg\" alt=\"IMGP0060\" width=\"474\" height=\"632\" srcset=\"https:\/\/blog.crei.ffspeleo.fr\/wp-content\/uploads\/2015\/09\/IMGP0060-768x1024.jpg 768w, https:\/\/blog.crei.ffspeleo.fr\/wp-content\/uploads\/2015\/09\/IMGP0060-225x300.jpg 225w\" sizes=\"auto, (max-width: 474px) 100vw, 474px\" \/><\/a><\/p>\n<div><span style=\"font-family: Arial; font-size: small;\">Prot\u00e9e \u00e0 PLanina Jama.B. Chirol<\/span><\/div>\n<div>Le bouquet final r\u00e9sida certainement en la visite de Postojna jama, l\u2019incontournable o\u00f9 j\u2019appr\u00e9hendais de mettre les pieds \u00e0 cause de son \u00e9norme fr\u00e9quentation. Nous f\u00fbmes stup\u00e9faits et comme des enfants dans un Disney-underground le long des 2 km de voies o\u00f9 le petit train serpentait \u00e0 toute allure au milieu des concr\u00e9tions de cette c\u00e9l\u00e8bre grotte, berceau de la sp\u00e9l\u00e9ologie mondiale. La c\u00e9r\u00e9monie du cinquantenaire se tint l\u00e0, sous terre, avec les discours des dirigeants UIS, des politiques slov\u00e8nes, au plus haut niveau et pour clore le tout un ballet lumineux bleut\u00e9 orchestr\u00e9 par 4 danseurs sur une musique tecto qui n\u2019affecta pas l\u2019encaissant\u00a0!<\/div>\n<p>Restait \u00e0 reprendre quelques forces au banquet de cl\u00f4ture, raffin\u00e9 et anim\u00e9 de discours et rites surprenants. Durant le week-end, diverses r\u00e9unions avec pr\u00e9sence de Laurence Tanguille, Y. Contet, F. Del\u00e8gue et C. Dodelin abord\u00e8rent la candidature officielle de la FFS pour un Congr\u00e8s international UIS lyonnais en 2021 ainsi que la pr\u00e9sentation du projet europ\u00e9en sur la sp\u00e9l\u00e9ologie de Chypre (L. Satterfield). On peut retrouver ces activit\u00e9s et pr\u00e9sentations dans le livret de cette 23<sup>\u00e8me<\/sup> Karstschool qui marquera l\u2019histoire de l\u2019UIS, si bien racont\u00e9e par J. A. Labegalini dans le livre de 522 pages \u00e9dit\u00e9 par l\u2019UIS \u00e0 cette occasion.<\/p>\n<p><a href=\"https:\/\/blog.crei.ffspeleo.fr\/wp-content\/uploads\/2015\/09\/IMGP0087.jpg\"><img loading=\"lazy\" decoding=\"async\" class=\"alignnone size-large wp-image-291\" src=\"https:\/\/blog.crei.ffspeleo.fr\/wp-content\/uploads\/2015\/09\/IMGP0087-1024x768.jpg\" alt=\"IMGP0087\" width=\"474\" height=\"356\" srcset=\"https:\/\/blog.crei.ffspeleo.fr\/wp-content\/uploads\/2015\/09\/IMGP0087-1024x768.jpg 1024w, https:\/\/blog.crei.ffspeleo.fr\/wp-content\/uploads\/2015\/09\/IMGP0087-300x225.jpg 300w\" sizes=\"auto, (max-width: 474px) 100vw, 474px\" \/><\/a><\/p>\n<div><span style=\"font-family: Arial; font-size: small;\">Pont naturel vers Skokjanske Jama. B. Chirol<\/span><\/div>\n<p>&nbsp;<\/p>\n<p>Bernard Chirol\u00a0\u00a0 FFS (CSRRA) \/ UIS\u00a0 2015<\/p>\n","protected":false},"excerpt":{"rendered":"<p>Cette ann\u00e9e, la 23\u00e8me karstological school de Postojna avait mis le paquet\u00a0! Au d\u00e9part, je trouvais les frais d\u2019inscription \u00e9lev\u00e9s (150 \u20ac) mais avec le programme offert, on ne peut qu\u2019applaudir une telle organisation o\u00f9 ce fut un plaisir de revoir ou d\u00e9couvrir des coll\u00e8gues du monde entier. D\u2019entr\u00e9e de jeu, le cadeau\u00a0: je peux &hellip; <a href=\"https:\/\/blog.crei.ffspeleo.fr\/?p=288\" class=\"more-link\">Continuer la lecture de <span class=\"screen-reader-text\">Cinquantenaire de l\u2019U.I.S et karstschool entre le 15 et le 20 juin 2015 \u00e0 Postojna (Slov\u00e9nie)<\/span>  <span class=\"meta-nav\">&rarr;<\/span><\/a><\/p>\n","protected":false},"author":2,"featured_media":0,"comment_status":"open","ping_status":"closed","sticky":false,"template":"","format":"standard","meta":{"footnotes":""},"categories":[50,49],"tags":[8,3,51],"class_list":["post-288","post","type-post","status-publish","format-standard","hentry","category-slovenie","category-uis","tag-speleo","tag-speleologie","tag-uis"],"_links":{"self":[{"href":"https:\/\/blog.crei.ffspeleo.fr\/index.php?rest_route=\/wp\/v2\/posts\/288","targetHints":{"allow":["GET"]}}],"collection":[{"href":"https:\/\/blog.crei.ffspeleo.fr\/index.php?rest_route=\/wp\/v2\/posts"}],"about":[{"href":"https:\/\/blog.crei.ffspeleo.fr\/index.php?rest_route=\/wp\/v2\/types\/post"}],"author":[{"embeddable":true,"href":"https:\/\/blog.crei.ffspeleo.fr\/index.php?rest_route=\/wp\/v2\/users\/2"}],"replies":[{"embeddable":true,"href":"https:\/\/blog.crei.ffspeleo.fr\/index.php?rest_route=%2Fwp%2Fv2%2Fcomments&post=288"}],"version-history":[{"count":4,"href":"https:\/\/blog.crei.ffspeleo.fr\/index.php?rest_route=\/wp\/v2\/posts\/288\/revisions"}],"predecessor-version":[{"id":296,"href":"https:\/\/blog.crei.ffspeleo.fr\/index.php?rest_route=\/wp\/v2\/posts\/288\/revisions\/296"}],"wp:attachment":[{"href":"https:\/\/blog.crei.ffspeleo.fr\/index.php?rest_route=%2Fwp%2Fv2%2Fmedia&parent=288"}],"wp:term":[{"taxonomy":"category","embeddable":true,"href":"https:\/\/blog.crei.ffspeleo.fr\/index.php?rest_route=%2Fwp%2Fv2%2Fcategories&post=288"},{"taxonomy":"post_tag","embeddable":true,"href":"https:\/\/blog.crei.ffspeleo.fr\/index.php?rest_route=%2Fwp%2Fv2%2Ftags&post=288"}],"curies":[{"name":"wp","href":"https:\/\/api.w.org\/{rel}","templated":true}]}}