{"id":457,"date":"2016-11-01T04:40:12","date_gmt":"2016-11-01T03:40:12","guid":{"rendered":"https:\/\/blog.crei.ffspeleo.fr\/?p=457"},"modified":"2016-11-01T04:40:12","modified_gmt":"2016-11-01T03:40:12","slug":"expedition-nord-perou-2016","status":"publish","type":"post","link":"https:\/\/blog.crei.ffspeleo.fr\/?p=457","title":{"rendered":"Exp\u00e9dition Nord P\u00e9rou 2016"},"content":{"rendered":"<figure id=\"attachment_459\" aria-describedby=\"caption-attachment-459\" style=\"width: 268px\" class=\"wp-caption alignleft\"><a href=\"https:\/\/blog.crei.ffspeleo.fr\/wp-content\/uploads\/2016\/11\/Chirimoto0113mod.jpg\"><img loading=\"lazy\" decoding=\"async\" class=\"wp-image-459 \" src=\"https:\/\/blog.crei.ffspeleo.fr\/wp-content\/uploads\/2016\/11\/Chirimoto0113mod-300x199.jpg\" width=\"268\" height=\"178\" srcset=\"https:\/\/blog.crei.ffspeleo.fr\/wp-content\/uploads\/2016\/11\/Chirimoto0113mod-300x199.jpg 300w, https:\/\/blog.crei.ffspeleo.fr\/wp-content\/uploads\/2016\/11\/Chirimoto0113mod-768x509.jpg 768w, https:\/\/blog.crei.ffspeleo.fr\/wp-content\/uploads\/2016\/11\/Chirimoto0113mod.jpg 1024w\" sizes=\"auto, (max-width: 268px) 100vw, 268px\" \/><\/a><figcaption id=\"caption-attachment-459\" class=\"wp-caption-text\">L&rsquo;\u00e9quipe \u00e0 la cabane du Belge, Massif de Chirimoto, Rodriguez de Mendoza, Amazonas, P\u00e9rou (16\/8\/2016).<\/figcaption><\/figure>\n<p style=\"text-align: justify;\">L&rsquo;exp\u00e9dition franco-p\u00e9ruvienne Nord P\u00e9rou 2016 s&rsquo;est d\u00e9roul\u00e9e du 12 ao\u00fbt au 16 septembre 2016 dans les r\u00e9gions de Amazonas et de San Martin dans le nord du P\u00e9rou. Environ 12 kilom\u00e8tres de galeries ont \u00e9t\u00e9 topographi\u00e9s dans trois massifs distincts\u00a0:<\/p>\n<figure id=\"attachment_461\" aria-describedby=\"caption-attachment-461\" style=\"width: 235px\" class=\"wp-caption alignright\"><a href=\"https:\/\/blog.crei.ffspeleo.fr\/wp-content\/uploads\/2016\/11\/Palmira0283mod.jpg\"><img loading=\"lazy\" decoding=\"async\" class=\"wp-image-461 \" src=\"https:\/\/blog.crei.ffspeleo.fr\/wp-content\/uploads\/2016\/11\/Palmira0283mod-300x230.jpg\" width=\"235\" height=\"180\" srcset=\"https:\/\/blog.crei.ffspeleo.fr\/wp-content\/uploads\/2016\/11\/Palmira0283mod-300x230.jpg 300w, https:\/\/blog.crei.ffspeleo.fr\/wp-content\/uploads\/2016\/11\/Palmira0283mod-768x588.jpg 768w, https:\/\/blog.crei.ffspeleo.fr\/wp-content\/uploads\/2016\/11\/Palmira0283mod.jpg 1003w\" sizes=\"auto, (max-width: 235px) 100vw, 235px\" \/><\/a><figcaption id=\"caption-attachment-461\" class=\"wp-caption-text\">Tragadero de Palmira, Chirimoto, Rodriguez de Mendoza, Amazonas, P\u00e9rou (17\/8\/2016).<\/figcaption><\/figure>\n<p style=\"text-align: justify;\">&#8211; le massif de Chirimoto (Rodriguez de Mendoza, Amazonas) a livr\u00e9 quelques petits syst\u00e8mes pertes-r\u00e9surgences dont les cours d&rsquo;eau coulent sur un socle de gr\u00e8s imperm\u00e9able. Le syst\u00e8me de Palmira (d\u00e9v.\u00a0: 1550 m, d\u00e9n.\u00a0: 110 m), le Tragadero de Cacapishco (d\u00e9v.\u00a0: 1897 m, d\u00e9n.\u00a0: 90 m) et le Chalan de Emiterio (d\u00e9v.\u00a0: 1366 m, d\u00e9n.\u00a0: 109 m) sont les principales cavit\u00e9s explor\u00e9es.<\/p>\n<figure id=\"attachment_460\" aria-describedby=\"caption-attachment-460\" style=\"width: 218px\" class=\"wp-caption alignleft\"><a href=\"https:\/\/blog.crei.ffspeleo.fr\/wp-content\/uploads\/2016\/11\/Frio1108mod.jpg\"><img loading=\"lazy\" decoding=\"async\" class=\"wp-image-460\" src=\"https:\/\/blog.crei.ffspeleo.fr\/wp-content\/uploads\/2016\/11\/Frio1108mod-300x208.jpg\" width=\"218\" height=\"151\" srcset=\"https:\/\/blog.crei.ffspeleo.fr\/wp-content\/uploads\/2016\/11\/Frio1108mod-300x208.jpg 300w, https:\/\/blog.crei.ffspeleo.fr\/wp-content\/uploads\/2016\/11\/Frio1108mod-768x533.jpg 768w, https:\/\/blog.crei.ffspeleo.fr\/wp-content\/uploads\/2016\/11\/Frio1108mod.jpg 1024w\" sizes=\"auto, (max-width: 218px) 100vw, 218px\" \/><\/a><figcaption id=\"caption-attachment-460\" class=\"wp-caption-text\">Entr\u00e9e de la Cueva del Frio, La Jalca, Chachapoyas, Amazonas, P\u00e9rou (26\/8\/2016).<\/figcaption><\/figure>\n<p style=\"text-align: justify;\">&#8211; le massif de La Jalca (Chachapoyas, Amazonas) pr\u00e9sentent diverses d\u00e9pressions et pertes situ\u00e9es vers 3000 m d&rsquo;altitude probablement drain\u00e9es par une \u00e9mergence unique (la source de Timbuj) situ\u00e9e environ 1000 m plus bas dans la vall\u00e9e de l&rsquo;Utcubamba. La Cueva del Frio (d\u00e9vel.\u00a0: 587 m, d\u00e9niv.\u00a0: 95 m) pourrait constituer une entr\u00e9e possible au syst\u00e8me souterrain, comme l&rsquo;indique le courant d&rsquo;air aspirant observ\u00e9 dans la cavit\u00e9.<\/p>\n<p>&nbsp;<\/p>\n<figure id=\"attachment_458\" aria-describedby=\"caption-attachment-458\" style=\"width: 237px\" class=\"wp-caption alignright\"><a href=\"https:\/\/blog.crei.ffspeleo.fr\/wp-content\/uploads\/2016\/11\/Bellavista0177mod.jpg\"><img loading=\"lazy\" decoding=\"async\" class=\"wp-image-458 \" src=\"https:\/\/blog.crei.ffspeleo.fr\/wp-content\/uploads\/2016\/11\/Bellavista0177mod-300x191.jpg\" width=\"237\" height=\"151\" srcset=\"https:\/\/blog.crei.ffspeleo.fr\/wp-content\/uploads\/2016\/11\/Bellavista0177mod-300x191.jpg 300w, https:\/\/blog.crei.ffspeleo.fr\/wp-content\/uploads\/2016\/11\/Bellavista0177mod-768x490.jpg 768w, https:\/\/blog.crei.ffspeleo.fr\/wp-content\/uploads\/2016\/11\/Bellavista0177mod.jpg 1024w\" sizes=\"auto, (max-width: 237px) 100vw, 237px\" \/><\/a><figcaption id=\"caption-attachment-458\" class=\"wp-caption-text\">Toboggans du Tragadero de Bellavista, Nueva Cajamarca, Rioja, San Martin, P\u00e9rou (13\/9\/2016).<\/figcaption><\/figure>\n<p style=\"text-align: justify;\">&#8211; le massif de l&rsquo;Alto Mayo (Rioja, San Martin) est l&rsquo;entit\u00e9 karstique la plus vaste du P\u00e9rou qui s&rsquo;\u00e9tend sur environ 40 km de longueur. On y trouve de puissantes r\u00e9surgences, d&rsquo;un d\u00e9bit de l&rsquo;ordre de 15 \u00e0 20 m3\/s, mais aussi une for\u00eat dense sans voie d&rsquo;acc\u00e8s. La plupart des parties hautes du massif reste hors d&rsquo;atteinte. Toutefois, un gouffre a livr\u00e9 des prolongements, il s&rsquo;agit du Tragadero de Bellavista (d\u00e9v.\u00a0: 1094 m, d\u00e9n.\u00a0: 306 m) dont l&rsquo;exploration s&rsquo;est arr\u00eat\u00e9e sur rien au sommet d&rsquo;un puits. Par ailleurs, une cavit\u00e9 majeure a \u00e9t\u00e9 topographi\u00e9e, la cueva de la Piedra Brillante (d\u00e9v.\u00a0: 2329 m, d\u00e9n.\u00a0: 57 m), une rivi\u00e8re souterraine r\u00e9cemment explor\u00e9e par les habitants de Perla de Daguas. Enfin, la Cueva de la Mano Negra de Chaurayacu a \u00e9t\u00e9 reconnue sur plus d&rsquo;un kilom\u00e8tre (d\u00e9v.\u00a0: 1162 m, d\u00e9n.\u00a0: 81 m).<\/p>\n<p>&nbsp;<\/p>\n<p style=\"text-align: justify;\">On aura avantage \u00e0 consulter le site internet Cuevas y Tragaderos del Per\u00fa, qui rend compte de toutes les explorations sp\u00e9l\u00e9ologiques au P\u00e9rou. <a href=\"http:\/\/cuevasdelperu.org\/\">http:\/\/cuevasdelperu.org\/<\/a><\/p>\n<p style=\"text-align: justify;\">En marge des explorations sp\u00e9l\u00e9ologiques, il est \u00e0 signaler la participation d&rsquo;une dizaine de membres de l&rsquo;exp\u00e9dition Nord P\u00e9rou 2016 au premier symposium international du karst \u00e0 Tarapoto (San Martin) les 5 et 6 septembre 2016.<\/p>\n<p><a href=\"http:\/\/simposiodelcarstperu.blogspot.fr\/\">http:\/\/simposiodelcarstperu.blogspot.fr\/<\/a><\/p>\n<figure id=\"attachment_462\" aria-describedby=\"caption-attachment-462\" style=\"width: 300px\" class=\"wp-caption alignleft\"><a href=\"https:\/\/blog.crei.ffspeleo.fr\/wp-content\/uploads\/2016\/11\/Piedra-brillante11050mod.jpg\"><img loading=\"lazy\" decoding=\"async\" class=\"wp-image-462 size-medium\" src=\"https:\/\/blog.crei.ffspeleo.fr\/wp-content\/uploads\/2016\/11\/Piedra-brillante11050mod-300x180.jpg\" width=\"300\" height=\"180\" srcset=\"https:\/\/blog.crei.ffspeleo.fr\/wp-content\/uploads\/2016\/11\/Piedra-brillante11050mod-300x180.jpg 300w, https:\/\/blog.crei.ffspeleo.fr\/wp-content\/uploads\/2016\/11\/Piedra-brillante11050mod-768x462.jpg 768w, https:\/\/blog.crei.ffspeleo.fr\/wp-content\/uploads\/2016\/11\/Piedra-brillante11050mod.jpg 1024w\" sizes=\"auto, (max-width: 300px) 100vw, 300px\" \/><\/a><figcaption id=\"caption-attachment-462\" class=\"wp-caption-text\">Une partie de l&rsquo;\u00e9quipe dans la Cueva de la Piedra Brillante, Nueva Cajamarca, Rioja, San Martin, P\u00e9rou (8\/9\/2016).<\/figcaption><\/figure>\n<p style=\"text-align: justify;\">Enfin, il faut signaler la pr\u00e9sence de deux sp\u00e9l\u00e9ologues fran\u00e7ais (FFS) sur le site de la grotte de Palestina (Nueva Cajamarca, San Martin) o\u00f9 une formation de sp\u00e9l\u00e9ologie a \u00e9t\u00e9 dispens\u00e9e \u00e0 des stagiaires p\u00e9ruviens du 27 au 30 ao\u00fbt 2016. La participation remarqu\u00e9e de pompiers et de guardaparques en charge de la protection des parcs et r\u00e9serves du P\u00e9rou a permis d&rsquo;\u00e9tablir de nombreux contacts avec les gestionnaires des principales zones karstiques du pays.<\/p>\n<p>&nbsp;<\/p>\n<p>Plusieurs nationalit\u00e9s \u00e9taient repr\u00e9sent\u00e9es\u00a0: p\u00e9ruvienne, fran\u00e7aise, br\u00e9silienne et italienne. Cette diversit\u00e9 des participants ne fait que confirmer le caract\u00e8re international de l&rsquo;exp\u00e9dition Nord P\u00e9rou 2016 organis\u00e9e conjointement par le Espeleo Club Andino (ECA) de Lima et le Groupe Sp\u00e9l\u00e9ologique de Bagnols Marcoule (GSBM) depuis plus de 10 ans d\u00e9j\u00e0.<\/p>\n<p>Participants\u00a0:<\/p>\n<p style=\"text-align: justify;\">Damien Vignoles, Jean-Yves Bigot, Naomi Mazzilli, Liz Hidalgo, Jean Loup Guyot, Constance Picque, Xavier Robert, James Apa\u00e9stegui, Jean-Denis Klein, Nathalie Klein, Tini Alvarado, Angela Ampuero, Jean-S\u00e9bastien Moquet, Luca Rava, Cl\u00e9mentine Junquas, Maria Elina Bichuette, Jonas Eduardo Gall\u00e3o, Lilia Senna Horta, Ezio Rubbioli.<\/p>\n<p>Jean-Denis Klein (Groupe Sp\u00e9l\u00e9ologique de Bagnols Marcoule) et James Apa\u00e9stegui (Espeleo Club Andino de Lima).<\/p>\n","protected":false},"excerpt":{"rendered":"<p>L&rsquo;exp\u00e9dition franco-p\u00e9ruvienne Nord P\u00e9rou 2016 s&rsquo;est d\u00e9roul\u00e9e du 12 ao\u00fbt au 16 septembre 2016 dans les r\u00e9gions de Amazonas et de San Martin dans le nord du P\u00e9rou. Environ 12 kilom\u00e8tres de galeries ont \u00e9t\u00e9 topographi\u00e9s dans trois massifs distincts\u00a0: &#8211; le massif de Chirimoto (Rodriguez de Mendoza, Amazonas) a livr\u00e9 quelques petits syst\u00e8mes pertes-r\u00e9surgences &hellip; <a href=\"https:\/\/blog.crei.ffspeleo.fr\/?p=457\" class=\"more-link\">Continuer la lecture de <span class=\"screen-reader-text\">Exp\u00e9dition Nord P\u00e9rou 2016<\/span>  <span class=\"meta-nav\">&rarr;<\/span><\/a><\/p>\n","protected":false},"author":3,"featured_media":0,"comment_status":"open","ping_status":"closed","sticky":false,"template":"","format":"standard","meta":{"footnotes":""},"categories":[55,1,73],"tags":[4,9],"class_list":["post-457","post","type-post","status-publish","format-standard","hentry","category-expedition","category-non-classe","category-perou","tag-expedition","tag-exploration"],"_links":{"self":[{"href":"https:\/\/blog.crei.ffspeleo.fr\/index.php?rest_route=\/wp\/v2\/posts\/457","targetHints":{"allow":["GET"]}}],"collection":[{"href":"https:\/\/blog.crei.ffspeleo.fr\/index.php?rest_route=\/wp\/v2\/posts"}],"about":[{"href":"https:\/\/blog.crei.ffspeleo.fr\/index.php?rest_route=\/wp\/v2\/types\/post"}],"author":[{"embeddable":true,"href":"https:\/\/blog.crei.ffspeleo.fr\/index.php?rest_route=\/wp\/v2\/users\/3"}],"replies":[{"embeddable":true,"href":"https:\/\/blog.crei.ffspeleo.fr\/index.php?rest_route=%2Fwp%2Fv2%2Fcomments&post=457"}],"version-history":[{"count":3,"href":"https:\/\/blog.crei.ffspeleo.fr\/index.php?rest_route=\/wp\/v2\/posts\/457\/revisions"}],"predecessor-version":[{"id":465,"href":"https:\/\/blog.crei.ffspeleo.fr\/index.php?rest_route=\/wp\/v2\/posts\/457\/revisions\/465"}],"wp:attachment":[{"href":"https:\/\/blog.crei.ffspeleo.fr\/index.php?rest_route=%2Fwp%2Fv2%2Fmedia&parent=457"}],"wp:term":[{"taxonomy":"category","embeddable":true,"href":"https:\/\/blog.crei.ffspeleo.fr\/index.php?rest_route=%2Fwp%2Fv2%2Fcategories&post=457"},{"taxonomy":"post_tag","embeddable":true,"href":"https:\/\/blog.crei.ffspeleo.fr\/index.php?rest_route=%2Fwp%2Fv2%2Ftags&post=457"}],"curies":[{"name":"wp","href":"https:\/\/api.w.org\/{rel}","templated":true}]}}