{"id":592,"date":"2017-09-06T21:53:55","date_gmt":"2017-09-06T20:53:55","guid":{"rendered":"https:\/\/blog.crei.ffspeleo.fr\/?p=592"},"modified":"2017-09-06T21:53:55","modified_gmt":"2017-09-06T20:53:55","slug":"appel-a-candidature","status":"publish","type":"post","link":"https:\/\/blog.crei.ffspeleo.fr\/?p=592","title":{"rendered":"Appel \u00e0 candidature"},"content":{"rendered":"<p>L\u2019EFS a \u00e9t\u00e9 sollicit\u00e9 par la Ligue de Sp\u00e9l\u00e9o Lorraine pour l\u2019encadrement d\u2019un stage de formation en Roumanie.<br \/>\nLa LISPEL recherche 2 cadres pour compl\u00e9ter l\u2019\u00e9quipe d\u2019encadrement.<\/p>\n<p>Dates : 16 au 24 septembre 2017<\/p>\n<p>Pour en savoir plus, consultez l\u2019appel \u00e0 candidature ci-joint et retournez votre candidature avant le 10 septembre 2017.<\/p>\n<p><a href=\"https:\/\/blog.crei.ffspeleo.fr\/wp-content\/uploads\/2017\/09\/actedecandidature_ROUMANIE2017.pdf\">lien vers fichier<\/a><\/p>\n<p>Pour l\u2019\u00c9cole Fran\u00e7aise de Sp\u00e9l\u00e9ologie<br \/>\nLe Pr\u00e9sident<br \/>\nJudica\u00ebl ARNAUD<\/p>\n","protected":false},"excerpt":{"rendered":"<p>L\u2019EFS a \u00e9t\u00e9 sollicit\u00e9 par la Ligue de Sp\u00e9l\u00e9o Lorraine pour l\u2019encadrement d\u2019un stage de formation en Roumanie. La LISPEL recherche 2 cadres pour compl\u00e9ter l\u2019\u00e9quipe d\u2019encadrement. Dates : 16 au 24 septembre 2017 Pour en savoir plus, consultez l\u2019appel \u00e0 candidature ci-joint et retournez votre candidature avant le 10 septembre 2017. lien vers fichier &hellip; <a href=\"https:\/\/blog.crei.ffspeleo.fr\/?p=592\" class=\"more-link\">Continuer la lecture de <span class=\"screen-reader-text\">Appel \u00e0 candidature<\/span>  <span class=\"meta-nav\">&rarr;<\/span><\/a><\/p>\n","protected":false},"author":3,"featured_media":0,"comment_status":"open","ping_status":"closed","sticky":false,"template":"","format":"standard","meta":{"footnotes":""},"categories":[59,74],"tags":[3],"class_list":["post-592","post","type-post","status-publish","format-standard","hentry","category-efs","category-formation","tag-speleologie"],"_links":{"self":[{"href":"https:\/\/blog.crei.ffspeleo.fr\/index.php?rest_route=\/wp\/v2\/posts\/592","targetHints":{"allow":["GET"]}}],"collection":[{"href":"https:\/\/blog.crei.ffspeleo.fr\/index.php?rest_route=\/wp\/v2\/posts"}],"about":[{"href":"https:\/\/blog.crei.ffspeleo.fr\/index.php?rest_route=\/wp\/v2\/types\/post"}],"author":[{"embeddable":true,"href":"https:\/\/blog.crei.ffspeleo.fr\/index.php?rest_route=\/wp\/v2\/users\/3"}],"replies":[{"embeddable":true,"href":"https:\/\/blog.crei.ffspeleo.fr\/index.php?rest_route=%2Fwp%2Fv2%2Fcomments&post=592"}],"version-history":[{"count":1,"href":"https:\/\/blog.crei.ffspeleo.fr\/index.php?rest_route=\/wp\/v2\/posts\/592\/revisions"}],"predecessor-version":[{"id":594,"href":"https:\/\/blog.crei.ffspeleo.fr\/index.php?rest_route=\/wp\/v2\/posts\/592\/revisions\/594"}],"wp:attachment":[{"href":"https:\/\/blog.crei.ffspeleo.fr\/index.php?rest_route=%2Fwp%2Fv2%2Fmedia&parent=592"}],"wp:term":[{"taxonomy":"category","embeddable":true,"href":"https:\/\/blog.crei.ffspeleo.fr\/index.php?rest_route=%2Fwp%2Fv2%2Fcategories&post=592"},{"taxonomy":"post_tag","embeddable":true,"href":"https:\/\/blog.crei.ffspeleo.fr\/index.php?rest_route=%2Fwp%2Fv2%2Ftags&post=592"}],"curies":[{"name":"wp","href":"https:\/\/api.w.org\/{rel}","templated":true}]}}