{"id":715,"date":"2018-03-22T22:24:27","date_gmt":"2018-03-22T21:24:27","guid":{"rendered":"https:\/\/blog.crei.ffspeleo.fr\/?p=715"},"modified":"2018-03-22T22:24:27","modified_gmt":"2018-03-22T21:24:27","slug":"stage-ffs-efs-en-serbie","status":"publish","type":"post","link":"https:\/\/blog.crei.ffspeleo.fr\/?p=715","title":{"rendered":"Stage FFS, EFS en Serbie"},"content":{"rendered":"<p style=\"text-align: justify;\">L\u2019EFS a \u00e9t\u00e9 sollicit\u00e9e par la F\u00e9d\u00e9ration des organisations sp\u00e9l\u00e9ologiques de Serbie afin de mettre en place le premier stage dipl\u00f4mant organis\u00e9 en Serbie par cette m\u00eame F\u00e9d\u00e9ration.<br \/>\nVladimir RANKOVI\u0106 (Serbie) a suivi la formation moniteur en France et a obtenu le statut de moniteur stagiaire en 2016.<br \/>\nSur la base du r\u00e9f\u00e9rentiel FFS, Vladimir a mis en place un r\u00e9f\u00e9rentiel pour un premier niveau de dipl\u00f4me en Serbie.<\/p>\n<p style=\"text-align: justify;\">\nL\u2019EFS recherche 4 cadres pour assister Vladimir lors de cette premi\u00e8re session.<\/p>\n<p style=\"text-align: justify;\">\nDates : 19 au 27 mai 2018<\/p>\n<p style=\"text-align: justify;\">\nDisponibilit\u00e9 cadres : 18 au 28 mai 2018<\/p>\n<p style=\"text-align: justify;\">\nLieu : entre Paracin et Boljevac<\/p>\n<p>Si vous \u00eates int\u00e9ress\u00e9 et disponible sur cette p\u00e9riode merci de faire acte de candidature avant le 31 mars 2018.<\/p>\n<p><a href=\"https:\/\/efs.ffspeleo.fr\">https:\/\/efs.ffspeleo.fr<\/a><\/p>\n<p>&nbsp;<\/p>\n","protected":false},"excerpt":{"rendered":"<p>L\u2019EFS a \u00e9t\u00e9 sollicit\u00e9e par la F\u00e9d\u00e9ration des organisations sp\u00e9l\u00e9ologiques de Serbie afin de mettre en place le premier stage dipl\u00f4mant organis\u00e9 en Serbie par cette m\u00eame F\u00e9d\u00e9ration. Vladimir RANKOVI\u0106 (Serbie) a suivi la formation moniteur en France et a obtenu le statut de moniteur stagiaire en 2016. Sur la base du r\u00e9f\u00e9rentiel FFS, Vladimir &hellip; <a href=\"https:\/\/blog.crei.ffspeleo.fr\/?p=715\" class=\"more-link\">Continuer la lecture de <span class=\"screen-reader-text\">Stage FFS, EFS en Serbie<\/span>  <span class=\"meta-nav\">&rarr;<\/span><\/a><\/p>\n","protected":false},"author":3,"featured_media":0,"comment_status":"open","ping_status":"closed","sticky":false,"template":"","format":"standard","meta":{"footnotes":""},"categories":[59,74],"tags":[3],"class_list":["post-715","post","type-post","status-publish","format-standard","hentry","category-efs","category-formation","tag-speleologie"],"_links":{"self":[{"href":"https:\/\/blog.crei.ffspeleo.fr\/index.php?rest_route=\/wp\/v2\/posts\/715","targetHints":{"allow":["GET"]}}],"collection":[{"href":"https:\/\/blog.crei.ffspeleo.fr\/index.php?rest_route=\/wp\/v2\/posts"}],"about":[{"href":"https:\/\/blog.crei.ffspeleo.fr\/index.php?rest_route=\/wp\/v2\/types\/post"}],"author":[{"embeddable":true,"href":"https:\/\/blog.crei.ffspeleo.fr\/index.php?rest_route=\/wp\/v2\/users\/3"}],"replies":[{"embeddable":true,"href":"https:\/\/blog.crei.ffspeleo.fr\/index.php?rest_route=%2Fwp%2Fv2%2Fcomments&post=715"}],"version-history":[{"count":1,"href":"https:\/\/blog.crei.ffspeleo.fr\/index.php?rest_route=\/wp\/v2\/posts\/715\/revisions"}],"predecessor-version":[{"id":716,"href":"https:\/\/blog.crei.ffspeleo.fr\/index.php?rest_route=\/wp\/v2\/posts\/715\/revisions\/716"}],"wp:attachment":[{"href":"https:\/\/blog.crei.ffspeleo.fr\/index.php?rest_route=%2Fwp%2Fv2%2Fmedia&parent=715"}],"wp:term":[{"taxonomy":"category","embeddable":true,"href":"https:\/\/blog.crei.ffspeleo.fr\/index.php?rest_route=%2Fwp%2Fv2%2Fcategories&post=715"},{"taxonomy":"post_tag","embeddable":true,"href":"https:\/\/blog.crei.ffspeleo.fr\/index.php?rest_route=%2Fwp%2Fv2%2Ftags&post=715"}],"curies":[{"name":"wp","href":"https:\/\/api.w.org\/{rel}","templated":true}]}}