{"id":786,"date":"2018-09-04T18:58:07","date_gmt":"2018-09-04T17:58:07","guid":{"rendered":"https:\/\/blog.crei.ffspeleo.fr\/?p=786"},"modified":"2018-09-04T18:58:07","modified_gmt":"2018-09-04T17:58:07","slug":"ultima-patagonia-2019","status":"publish","type":"post","link":"https:\/\/blog.crei.ffspeleo.fr\/?p=786","title":{"rendered":"Ultima Patagonia 2019"},"content":{"rendered":"<p style=\"text-align: justify;\"><span style=\"color: black; font-family: 'Verdana','sans-serif'; font-size: 13.5pt;\">Dans le cadre de l&rsquo;exp\u00e9dition <strong><span style=\"font-family: 'Verdana','sans-serif';\">Ultima Patagonia 2019<\/span><\/strong>, Centre Terre lance une campagne de dons pour aider au financement du projet.<\/span><u><\/u><u><\/u><\/p>\n<p style=\"text-align: justify;\"><u><\/u>\u00a0<u><\/u><span style=\"color: black; font-family: 'Verdana','sans-serif'; font-size: 13.5pt;\">Pour chaque don vers\u00e9, Centre Terre vous associe pleinement au d\u00e9roulement d&rsquo;Ultima Patagonia 2019 et vous propose diff\u00e9rentes contreparties.<\/span><u><\/u><u><\/u><\/p>\n<p style=\"text-align: justify;\"><u><\/u>\u00a0<u><\/u><span style=\"color: black; font-family: 'Verdana','sans-serif'; font-size: 13.5pt;\">Vos dons seront int\u00e9gralement investis dans le projet<\/span><u><\/u><u><\/u><u><\/u>\u00a0<u><\/u><\/p>\n<p style=\"text-align: justify;\"><span style=\"color: black; font-family: 'Verdana','sans-serif'; font-size: 13.5pt;\">De plus, pour chaque don, Centre Terre vous d\u00e9livrera un re\u00e7u fiscal ouvrant droit \u00e0 une r\u00e9duction d&rsquo;imp\u00f4ts de 66% de la somme vers\u00e9e.<\/span><u><\/u><u><\/u><\/p>\n<p><u><\/u>\u00a0<u><\/u><span style=\"color: black; font-family: 'Verdana','sans-serif'; font-size: 13.5pt;\">Pour plus d&rsquo;informations, rendez vous sur la page <a href=\"http:\/\/www.centre-terre.fr\/up2019-appel-dons.php\" target=\"_blank\" rel=\"noopener\" data-saferedirecturl=\"https:\/\/www.google.com\/url?q=http:\/\/www.centre-terre.fr\/up2019-appel-dons.php&amp;source=gmail&amp;ust=1536168816123000&amp;usg=AFQjCNHTsQ1wbJjQ-7auB2xXWeqyjynXvg\">http:\/\/www.centre-terre.fr\/<wbr \/>up2019-appel-dons.php<\/a><\/span><u><\/u><u><\/u><\/p>\n<p style=\"text-align: justify;\"><u><\/u>\u00a0<u><\/u><span style=\"color: black; font-family: 'Verdana','sans-serif'; font-size: 13.5pt;\">D&rsquo;avance, toute l&rsquo;\u00e9quipe de Centre Terre vous remercie pour votre soutien.<\/span><u><\/u><u><\/u><\/p>\n<p><span style=\"color: black; font-family: 'Verdana','sans-serif'; font-size: 13.5pt;\">D\u00e8s maintenant suivez les mises \u00e0 jour de l&rsquo;exp\u00e9dition Ultima Patagonia 2019 :<\/span><\/p>\n<p style=\"text-align: left;\">\n<span style=\"color: black; font-family: 'Verdana','sans-serif'; font-size: 13.5pt;\">\u00a0\u00a0\u00a0\u00a0&#8211; via notre site web: <\/span><span style=\"color: black; font-family: 'Verdana','sans-serif'; font-size: 13.5pt;\"><a href=\"http:\/\/www.centre-terre.fr\/\" target=\"_blank\" rel=\"noopener\" data-saferedirecturl=\"https:\/\/www.google.com\/url?q=http:\/\/www.centre-terre.fr&amp;source=gmail&amp;ust=1536168816123000&amp;usg=AFQjCNHHti0u7jPQ6xzN2lFYpGzpgpl7mw\">http:\/\/www.centre-terre.fr<\/a><\/span><br \/>\n<span style=\"color: black; font-family: 'Verdana','sans-serif'; font-size: 13.5pt;\">\u00a0\u00a0\u00a0\u00a0&#8211; via Facebook : <\/span><span style=\"color: black; font-family: 'Verdana','sans-serif'; font-size: 13.5pt;\">\u00a0<a href=\"https:\/\/www.facebook.com\/CentreTerre\/\" target=\"_blank\" rel=\"noopener\" data-saferedirecturl=\"https:\/\/www.google.com\/url?q=https:\/\/www.facebook.com\/CentreTerre\/&amp;source=gmail&amp;ust=1536168816123000&amp;usg=AFQjCNEQ8ssjK24J1zlmIfbqQNHY0rh4kQ\">https:\/\/www.facebook.com\/<wbr \/>CentreTerre\/<\/a><\/span><br \/>\n<span style=\"color: black; font-family: 'Verdana','sans-serif'; font-size: 13.5pt;\">\u00a0\u00a0\u00a0\u00a0&#8211; via Twitter : <a href=\"https:\/\/twitter.com\/centreterre\" target=\"_blank\" rel=\"noopener\" data-saferedirecturl=\"https:\/\/www.google.com\/url?q=https:\/\/twitter.com\/centreterre&amp;source=gmail&amp;ust=1536168816123000&amp;usg=AFQjCNF95dVXUlvMjDtCajiNmVv0wFmAjg\">https:\/\/twitter.com\/<wbr \/>centreterre<\/a><\/span><\/p>\n","protected":false},"excerpt":{"rendered":"<p>Dans le cadre de l&rsquo;exp\u00e9dition Ultima Patagonia 2019, Centre Terre lance une campagne de dons pour aider au financement du projet. \u00a0Pour chaque don vers\u00e9, Centre Terre vous associe pleinement au d\u00e9roulement d&rsquo;Ultima Patagonia 2019 et vous propose diff\u00e9rentes contreparties. \u00a0Vos dons seront int\u00e9gralement investis dans le projet\u00a0 De plus, pour chaque don, Centre Terre &hellip; <a href=\"https:\/\/blog.crei.ffspeleo.fr\/?p=786\" class=\"more-link\">Continuer la lecture de <span class=\"screen-reader-text\">Ultima Patagonia 2019<\/span>  <span class=\"meta-nav\">&rarr;<\/span><\/a><\/p>\n","protected":false},"author":3,"featured_media":0,"comment_status":"open","ping_status":"closed","sticky":false,"template":"","format":"standard","meta":{"footnotes":""},"categories":[55,15],"tags":[16,4,67,3],"class_list":["post-786","post","type-post","status-publish","format-standard","hentry","category-expedition","category-patagonie","tag-centre-terre","tag-expedition","tag-patagonie","tag-speleologie"],"_links":{"self":[{"href":"https:\/\/blog.crei.ffspeleo.fr\/index.php?rest_route=\/wp\/v2\/posts\/786","targetHints":{"allow":["GET"]}}],"collection":[{"href":"https:\/\/blog.crei.ffspeleo.fr\/index.php?rest_route=\/wp\/v2\/posts"}],"about":[{"href":"https:\/\/blog.crei.ffspeleo.fr\/index.php?rest_route=\/wp\/v2\/types\/post"}],"author":[{"embeddable":true,"href":"https:\/\/blog.crei.ffspeleo.fr\/index.php?rest_route=\/wp\/v2\/users\/3"}],"replies":[{"embeddable":true,"href":"https:\/\/blog.crei.ffspeleo.fr\/index.php?rest_route=%2Fwp%2Fv2%2Fcomments&post=786"}],"version-history":[{"count":2,"href":"https:\/\/blog.crei.ffspeleo.fr\/index.php?rest_route=\/wp\/v2\/posts\/786\/revisions"}],"predecessor-version":[{"id":788,"href":"https:\/\/blog.crei.ffspeleo.fr\/index.php?rest_route=\/wp\/v2\/posts\/786\/revisions\/788"}],"wp:attachment":[{"href":"https:\/\/blog.crei.ffspeleo.fr\/index.php?rest_route=%2Fwp%2Fv2%2Fmedia&parent=786"}],"wp:term":[{"taxonomy":"category","embeddable":true,"href":"https:\/\/blog.crei.ffspeleo.fr\/index.php?rest_route=%2Fwp%2Fv2%2Fcategories&post=786"},{"taxonomy":"post_tag","embeddable":true,"href":"https:\/\/blog.crei.ffspeleo.fr\/index.php?rest_route=%2Fwp%2Fv2%2Ftags&post=786"}],"curies":[{"name":"wp","href":"https:\/\/api.w.org\/{rel}","templated":true}]}}